{"id":9618,"date":"2025-10-30T08:26:02","date_gmt":"2025-10-30T11:26:02","guid":{"rendered":"https:\/\/selvagemciclo.org.br\/?p=9618"},"modified":"2025-11-27T12:26:05","modified_gmt":"2025-11-27T15:26:05","slug":"brincar-e-recriar-quando-as-criancas-conjugam-verbos-em-tempos-circulares","status":"publish","type":"post","link":"https:\/\/selvagemciclo.org.br\/en\/brincar-e-recriar-quando-as-criancas-conjugam-verbos-em-tempos-circulares\/","title":{"rendered":"PLAYING AND RECREATING: WHEN CHILDREN CONJUGATE VERBS IN CIRCULAR TIMES"},"content":{"rendered":"<h5 style=\"text-align: center;\">PLAYING AND RECREATING: WHEN CHILDREN CONJUGATE VERBS IN CIRCULAR TIMES<\/h5>\n<h5 style=\"text-align: center;\">Veronica Pinheiro<\/h5>\n<p style=\"text-align: center;\">30 October 2025<\/p>\n<p>&nbsp;<\/p>\n<p><img loading=\"lazy\" decoding=\"async\" class=\"aligncenter wp-image-9244\" src=\"https:\/\/selvagemciclo.org.br\/wp-content\/uploads\/2025\/10\/24.10_AnaRezende_ParteUm41-1024x683.jpg\" sizes=\"auto, (max-width: 900px) 100vw, 900px\" srcset=\"https:\/\/selvagemciclo.org.br\/wp-content\/uploads\/2025\/10\/24.10_AnaRezende_ParteUm41-1024x683.jpg 1024w, https:\/\/selvagemciclo.org.br\/wp-content\/uploads\/2025\/10\/24.10_AnaRezende_ParteUm41-300x200.jpg 300w, https:\/\/selvagemciclo.org.br\/wp-content\/uploads\/2025\/10\/24.10_AnaRezende_ParteUm41-768x512.jpg 768w, https:\/\/selvagemciclo.org.br\/wp-content\/uploads\/2025\/10\/24.10_AnaRezende_ParteUm41-18x12.jpg 18w, https:\/\/selvagemciclo.org.br\/wp-content\/uploads\/2025\/10\/24.10_AnaRezende_ParteUm41.jpg 1200w\" alt=\"\" width=\"900\" height=\"600\" \/><\/p>\n<p>We arrived in October 2025 to experience\u00a0<a href=\"https:\/\/selvagemciclo.org.br\/en\/ciclo-aguamae\/\">Motherwater<\/a>. \u00c0 beira da Ba\u00eda de Guanabara, ber\u00e7o de mundos, as crian\u00e7as recriam o tempo brincando.<\/p>\n<p class=\"translation-block\">The Ways of Knowing Group closely followed the <a href=\"https:\/\/selvagemciclo.org.br\/en\/residencia-casa-escola-viva\/\" target=\"_self\">Living School House residency<\/a>, coordinated by Cristine Taku\u00e1. Following closely is school and learning. There are a lot of people following along, but they are not close. We live in times of tired people with tired eyes, who cannot see up close. A time full of unrest, where adults speculate conclusions and record everything on mobile phones and electronic devices. Adults entrust their memories to clouds, external memories and hard drives. Living these days accompanying children, young people, adults and the elderly has shown us that children still write memories on their bodies. Children, when faced with something they cannot name, fall silent, open their eyes and allow the information to be stored under their skin. Without haste, they imagine, touch and are touched.<\/p>\n<p>The Living School House artistic residency began on 13 October, and on the last day, representatives from Escolas Vivas, who spent two weeks waking up and weaving memories, welcomed children from the Vila Kennedy favela to the Museum of Modern Art in Rio de Janeiro. This time, the children from Pedreira were unable to make it to MAM to experience this encounter with <b>Living Schools<\/b>. The city of Rio de Janeiro has not allowed children from some areas of the city to travel safely. Faced with the possibility of postponing the workshop that was part of the residency programme, we remembered a group of children coordinated by our dear volunteer Greice Souza. Greice and her children live in Vila Kennedy, in the west zone of Rio de Janeiro. In this favela, in addition to all the social and environmental challenges, there is a children's samba school, founded in 1991, called \u2018There are still children in Vila Kennedy.\u2019 This name announces that there is still life and there will be sunshine and tomorrow even on difficult days.<\/p>\n<p>The children of VK, Greice and her children have been present at Selvagem since the beginning of the Children's Group. With them, we experienced our first workshop and our first outing. They return to Selvagem in the Motherwater Cycle, vibrating with all their usual strength and vitality. They arrived after lunch, happy, with balls in their hands and colourful backpacks. \u2018They're here,\u2019 I wrote to Madeleine in a message.<\/p>\n<p>The sun was shining in a blue sky when the children arrived. The waters smiled with delicate welcoming movements. For that day, friends from afar and lifelong companions. Diego Brito came from Tocantins with his Buriti guitar to bring melody to the day. Marcela Amaral, from Goi\u00e2nia, brought her pedagogy of Daringness [Atrevimentos]. Both are playful people who weave deep dialogues with universities, kilombos, and villages.<\/p>\n<p><img loading=\"lazy\" decoding=\"async\" class=\"aligncenter wp-image-9243\" src=\"https:\/\/selvagemciclo.org.br\/wp-content\/uploads\/2025\/10\/24.10_AnaRezende_ParteDois-23-1024x683.jpg\" sizes=\"auto, (max-width: 900px) 100vw, 900px\" srcset=\"https:\/\/selvagemciclo.org.br\/wp-content\/uploads\/2025\/10\/24.10_AnaRezende_ParteDois-23-1024x683.jpg 1024w, https:\/\/selvagemciclo.org.br\/wp-content\/uploads\/2025\/10\/24.10_AnaRezende_ParteDois-23-300x200.jpg 300w, https:\/\/selvagemciclo.org.br\/wp-content\/uploads\/2025\/10\/24.10_AnaRezende_ParteDois-23-768x512.jpg 768w, https:\/\/selvagemciclo.org.br\/wp-content\/uploads\/2025\/10\/24.10_AnaRezende_ParteDois-23-18x12.jpg 18w, https:\/\/selvagemciclo.org.br\/wp-content\/uploads\/2025\/10\/24.10_AnaRezende_ParteDois-23.jpg 1200w\" alt=\"\" width=\"900\" height=\"600\" \/><\/p>\n<p>Carol Delgado brought chaos and the certainty of an incredible day. Greice and Thain\u00e1 brought the children.<\/p>\n<p>Thais Desana, resident artist representing the Bahserikowi Centre for Indigenous Medicine, the Tukano-Dessano-Tuyuka Living School, welcomed the children at the Stone-Snake-Canoe and guided our visit to the Living School House studio-exhibition as if welcoming cousins into her home. With her memories awakened and knowledgeable about her history and nation, Thais spoke of the beginning of time, the songs of her people, and how all these things inhabit her paintings. All the works in the exhibition were presented to the children, works from the Guarani, Maxakali, Tukano-Desano-Tuyuka, Huni Kuin and Baniwa Living Schools. We navigated between y\u00e3miy, times and dimensions.<\/p>\n<p>Canoe in motion, our teacher Thais Desana told us about Milk Lake, which we call Guanabara Bay, and about the eyes of the beings and objects we observed. Thais' paintings also have eyes; they look at us while being looked at. While the children allowed themselves to listen, feel, look and be looked at, the adults filmed with cameras and mobile phones. While the pores and pupils of the little ones tried to capture the sounds and colours of the unknown chords produced by the vibrations of the fishing lines \u2013 which, stretched across Buriti's guitar, generated sound waves that fished for available hearts \u2013 somewhere in a cold, impersonal mechanical memory, the adults captured sounds amplified by the sound box made from the wood of the Buriti palm tree.<\/p>\n<p><img loading=\"lazy\" decoding=\"async\" class=\"aligncenter size-full wp-image-9245\" src=\"https:\/\/selvagemciclo.org.br\/wp-content\/uploads\/2025\/10\/24.10_AnaRezende_ParteUm46.jpg\" sizes=\"auto, (max-width: 600px) 100vw, 600px\" srcset=\"https:\/\/selvagemciclo.org.br\/wp-content\/uploads\/2025\/10\/24.10_AnaRezende_ParteUm46.jpg 600w, https:\/\/selvagemciclo.org.br\/wp-content\/uploads\/2025\/10\/24.10_AnaRezende_ParteUm46-200x300.jpg 200w, https:\/\/selvagemciclo.org.br\/wp-content\/uploads\/2025\/10\/24.10_AnaRezende_ParteUm46-8x12.jpg 8w\" alt=\"\" width=\"600\" height=\"900\" \/><\/p>\n<p>The encounter between the children of Rio and the Living Schools gave us the happy certainty that children do not put life on hold. They do not collect information to read, listen to, and watch later. Children live in a circular present and are able to play, reinterpreting and creating memories. They were there. Being there, they visited Thais' memories and dreamed of futures for themselves and for the waters. I heard from a friend a while ago that the best place to be is next to a child. In our last workshop, alongside the children, I realised how much we are concerned with possible futures and are not giving due attention to the present. Children, however, are here, living today, playing at being. At MAM, they played at observing and painting Guanabara Bay. They played at being Thais Desana. They played about creating a Museum of Modern Art in Vila Kennedy. As I write this diary page, I receive a message from the children saying that they need to create more works to tell stories of a beautiful world in the favela. Invitation accepted, I will soon tell you about these new adventures.<\/p>\n<p><img loading=\"lazy\" decoding=\"async\" class=\"aligncenter wp-image-9246\" src=\"https:\/\/selvagemciclo.org.br\/wp-content\/uploads\/2025\/10\/24.10_AnaRezende_ParteUm57-1024x683.jpg\" sizes=\"auto, (max-width: 900px) 100vw, 900px\" srcset=\"https:\/\/selvagemciclo.org.br\/wp-content\/uploads\/2025\/10\/24.10_AnaRezende_ParteUm57-1024x683.jpg 1024w, https:\/\/selvagemciclo.org.br\/wp-content\/uploads\/2025\/10\/24.10_AnaRezende_ParteUm57-300x200.jpg 300w, https:\/\/selvagemciclo.org.br\/wp-content\/uploads\/2025\/10\/24.10_AnaRezende_ParteUm57-768x512.jpg 768w, https:\/\/selvagemciclo.org.br\/wp-content\/uploads\/2025\/10\/24.10_AnaRezende_ParteUm57-18x12.jpg 18w, https:\/\/selvagemciclo.org.br\/wp-content\/uploads\/2025\/10\/24.10_AnaRezende_ParteUm57.jpg 1200w\" alt=\"\" width=\"900\" height=\"600\" \/><\/p>\n<p style=\"text-align: center;\"><em>Photos: Ana Rezende<\/em><\/p>\n<p>&nbsp;<\/p>\n<p>________<\/p>\n<p>Diego Brito,\u00a0\u00a0<a href=\"https:\/\/www.instagram.com\/projetovereda?igsh=MWtreGQ4ajc1eDh2cg%3D%3D&amp;utm_source=qr\">@projetoveredas<\/a>\u00a0;\u00a0<a href=\"https:\/\/repositorio.uft.edu.br\/handle\/11612\/7966\">Cultural identity and musicality: a study of the buriti guitar in the Barra de Aroeira quilombo community in Tocantins<\/a><\/p>\n<p>Marcela Amaral\u00a0<a href=\"http:\/\/encruzilhadasdosonhar\/\">@encruzilhadasdosonhar<\/a>\u00a0;\u00a0\u00a0<a href=\"https:\/\/static.even3.com\/processos\/73abc1f8d4b440a1bb48.pdf?v=638974236115694359&amp;fbclid=PARlRTSANwN3pleHRuA2FlbQIxMAABp0eto3scKOey7HAtcn8qgoUUYmL-lDwfNYkunwbMY9bqRKSaEcO1R3LojNPq_aem__JWJg_ospL9e0QQJ_ExV5Q\">Pedagogies of Daringness<\/a><\/p>","protected":false},"excerpt":{"rendered":"<p>BRINCAR E RECRIAR: QUANDO AS CRIAN\u00c7AS CONJUGAM VERBOS EM TEMPOS CIRCULARES Veronica Pinheiro 30 de outubro de 2025 &nbsp; Chegamos em outubro de 2025 para viver a\u00a0\u00c1guam\u00e3e. \u00c0 beira da Ba\u00eda de Guanabara, ber\u00e7o de mundos, as crian\u00e7as recriam o tempo brincando. O Grupo Aprendizagens acompanhou de perto a\u00a0resid\u00eancia Casa Escola Viva, coordenada por Cristine Taku\u00e1. Acompanhar de perto \u00e9 escola e aprendizagem. Tem um tant\u00e3o de gente seguindo ao lado, mas que n\u00e3o est\u00e1 perto. Vivemos tempos de pessoas cansadas com vistas cansadas, que n\u00e3o conseguem ver de perto. Um tempo cheio de inquieta\u00e7\u00f5es, onde adultos especulam conclus\u00f5es e registram tudo em celulares e aparelhos eletr\u00f4nicos. Adultos confiam suas mem\u00f3rias em nuvens, em mem\u00f3rias externas e HDs. Viver esses dias acompanhando crian\u00e7as, jovens, adultos e idosos nos mostraram que as crian\u00e7as ainda escrevem mem\u00f3rias no corpo. As crian\u00e7as, diante do encontro com aquilo que elas n\u00e3o conseguem nomear, silenciam, abrem os olhos e permitem que as informa\u00e7\u00f5es sejam guardadas&#8230;<\/p>","protected":false},"author":2,"featured_media":9244,"comment_status":"closed","ping_status":"closed","sticky":false,"template":"","format":"standard","meta":{"_acf_changed":false,"footnotes":""},"categories":[57],"tags":[],"class_list":["post-9618","post","type-post","status-publish","format-standard","has-post-thumbnail","category-diario-veronica-pinheiro"],"acf":[],"yoast_head":"<!-- This site is optimized with the Yoast SEO plugin v27.1.1 - https:\/\/yoast.com\/product\/yoast-seo-wordpress\/ -->\n<title>BRINCAR E RECRIAR: QUANDO AS CRIAN\u00c7AS CONJUGAM VERBOS EM TEMPOS CIRCULARES - Selvagem<\/title>\n<meta name=\"robots\" content=\"index, follow, max-snippet:-1, max-image-preview:large, max-video-preview:-1\" \/>\n<link rel=\"canonical\" href=\"https:\/\/selvagemciclo.org.br\/en\/brincar-e-recriar-quando-as-criancas-conjugam-verbos-em-tempos-circulares\/\" \/>\n<meta property=\"og:locale\" content=\"en_GB\" \/>\n<meta property=\"og:type\" content=\"article\" \/>\n<meta property=\"og:title\" content=\"BRINCAR E RECRIAR: QUANDO AS CRIAN\u00c7AS CONJUGAM VERBOS EM TEMPOS CIRCULARES - Selvagem\" \/>\n<meta property=\"og:description\" content=\"BRINCAR E RECRIAR: QUANDO AS CRIAN\u00c7AS CONJUGAM VERBOS EM TEMPOS CIRCULARES Veronica Pinheiro 30 de outubro de 2025 &nbsp; Chegamos em outubro de 2025 para viver a\u00a0\u00c1guam\u00e3e. \u00c0 beira da Ba\u00eda de Guanabara, ber\u00e7o de mundos, as crian\u00e7as recriam o tempo brincando. O Grupo Aprendizagens acompanhou de perto a\u00a0resid\u00eancia Casa Escola Viva, coordenada por Cristine Taku\u00e1. Acompanhar de perto \u00e9 escola e aprendizagem. Tem um tant\u00e3o de gente seguindo ao lado, mas que n\u00e3o est\u00e1 perto. Vivemos tempos de pessoas cansadas com vistas cansadas, que n\u00e3o conseguem ver de perto. Um tempo cheio de inquieta\u00e7\u00f5es, onde adultos especulam conclus\u00f5es e registram tudo em celulares e aparelhos eletr\u00f4nicos. Adultos confiam suas mem\u00f3rias em nuvens, em mem\u00f3rias externas e HDs. Viver esses dias acompanhando crian\u00e7as, jovens, adultos e idosos nos mostraram que as crian\u00e7as ainda escrevem mem\u00f3rias no corpo. As crian\u00e7as, diante do encontro com aquilo que elas n\u00e3o conseguem nomear, silenciam, abrem os olhos e permitem que as informa\u00e7\u00f5es sejam guardadas...\" \/>\n<meta property=\"og:url\" content=\"https:\/\/selvagemciclo.org.br\/en\/brincar-e-recriar-quando-as-criancas-conjugam-verbos-em-tempos-circulares\/\" \/>\n<meta property=\"og:site_name\" content=\"Selvagem\" \/>\n<meta property=\"article:published_time\" content=\"2025-10-30T11:26:02+00:00\" \/>\n<meta property=\"article:modified_time\" content=\"2025-11-27T15:26:05+00:00\" \/>\n<meta property=\"og:image\" content=\"https:\/\/selvagemciclo.org.br\/wp-content\/uploads\/2025\/10\/24.10_AnaRezende_ParteUm41.jpg\" \/>\n\t<meta property=\"og:image:width\" content=\"1200\" \/>\n\t<meta property=\"og:image:height\" content=\"800\" \/>\n\t<meta property=\"og:image:type\" content=\"image\/jpeg\" \/>\n<meta name=\"author\" content=\"selvagem\" \/>\n<meta name=\"twitter:card\" content=\"summary_large_image\" \/>\n<meta name=\"twitter:label1\" content=\"Written by\" \/>\n\t<meta name=\"twitter:data1\" content=\"selvagem\" \/>\n\t<meta name=\"twitter:label2\" content=\"Estimated reading time\" \/>\n\t<meta name=\"twitter:data2\" content=\"5 minutes\" \/>\n<script type=\"application\/ld+json\" class=\"yoast-schema-graph\">{\"@context\":\"https:\/\/schema.org\",\"@graph\":[{\"@type\":\"Article\",\"@id\":\"https:\/\/selvagemciclo.org.br\/brincar-e-recriar-quando-as-criancas-conjugam-verbos-em-tempos-circulares\/#article\",\"isPartOf\":{\"@id\":\"https:\/\/selvagemciclo.org.br\/brincar-e-recriar-quando-as-criancas-conjugam-verbos-em-tempos-circulares\/\"},\"author\":{\"name\":\"selvagem\",\"@id\":\"https:\/\/selvagemciclo.org.br\/#\/schema\/person\/5186b4c87114fbf24b65701276b72b11\"},\"headline\":\"BRINCAR E RECRIAR: QUANDO AS CRIAN\u00c7AS CONJUGAM VERBOS EM TEMPOS CIRCULARES\",\"datePublished\":\"2025-10-30T11:26:02+00:00\",\"dateModified\":\"2025-11-27T15:26:05+00:00\",\"mainEntityOfPage\":{\"@id\":\"https:\/\/selvagemciclo.org.br\/brincar-e-recriar-quando-as-criancas-conjugam-verbos-em-tempos-circulares\/\"},\"wordCount\":1038,\"publisher\":{\"@id\":\"https:\/\/selvagemciclo.org.br\/#organization\"},\"image\":{\"@id\":\"https:\/\/selvagemciclo.org.br\/brincar-e-recriar-quando-as-criancas-conjugam-verbos-em-tempos-circulares\/#primaryimage\"},\"thumbnailUrl\":\"https:\/\/selvagemciclo.org.br\/wp-content\/uploads\/2025\/10\/24.10_AnaRezende_ParteUm41.jpg\",\"articleSection\":[\"Di\u00e1rio Veronica Pinheiro\"],\"inLanguage\":\"en-GB\"},{\"@type\":\"WebPage\",\"@id\":\"https:\/\/selvagemciclo.org.br\/brincar-e-recriar-quando-as-criancas-conjugam-verbos-em-tempos-circulares\/\",\"url\":\"https:\/\/selvagemciclo.org.br\/brincar-e-recriar-quando-as-criancas-conjugam-verbos-em-tempos-circulares\/\",\"name\":\"BRINCAR E RECRIAR: QUANDO AS CRIAN\u00c7AS CONJUGAM VERBOS EM TEMPOS CIRCULARES - Selvagem\",\"isPartOf\":{\"@id\":\"https:\/\/selvagemciclo.org.br\/#website\"},\"primaryImageOfPage\":{\"@id\":\"https:\/\/selvagemciclo.org.br\/brincar-e-recriar-quando-as-criancas-conjugam-verbos-em-tempos-circulares\/#primaryimage\"},\"image\":{\"@id\":\"https:\/\/selvagemciclo.org.br\/brincar-e-recriar-quando-as-criancas-conjugam-verbos-em-tempos-circulares\/#primaryimage\"},\"thumbnailUrl\":\"https:\/\/selvagemciclo.org.br\/wp-content\/uploads\/2025\/10\/24.10_AnaRezende_ParteUm41.jpg\",\"datePublished\":\"2025-10-30T11:26:02+00:00\",\"dateModified\":\"2025-11-27T15:26:05+00:00\",\"breadcrumb\":{\"@id\":\"https:\/\/selvagemciclo.org.br\/brincar-e-recriar-quando-as-criancas-conjugam-verbos-em-tempos-circulares\/#breadcrumb\"},\"inLanguage\":\"en-GB\",\"potentialAction\":[{\"@type\":\"ReadAction\",\"target\":[\"https:\/\/selvagemciclo.org.br\/brincar-e-recriar-quando-as-criancas-conjugam-verbos-em-tempos-circulares\/\"]}]},{\"@type\":\"ImageObject\",\"inLanguage\":\"en-GB\",\"@id\":\"https:\/\/selvagemciclo.org.br\/brincar-e-recriar-quando-as-criancas-conjugam-verbos-em-tempos-circulares\/#primaryimage\",\"url\":\"https:\/\/selvagemciclo.org.br\/wp-content\/uploads\/2025\/10\/24.10_AnaRezende_ParteUm41.jpg\",\"contentUrl\":\"https:\/\/selvagemciclo.org.br\/wp-content\/uploads\/2025\/10\/24.10_AnaRezende_ParteUm41.jpg\",\"width\":1200,\"height\":800},{\"@type\":\"BreadcrumbList\",\"@id\":\"https:\/\/selvagemciclo.org.br\/brincar-e-recriar-quando-as-criancas-conjugam-verbos-em-tempos-circulares\/#breadcrumb\",\"itemListElement\":[{\"@type\":\"ListItem\",\"position\":1,\"name\":\"In\u00edcio\",\"item\":\"https:\/\/selvagemciclo.org.br\/\"},{\"@type\":\"ListItem\",\"position\":2,\"name\":\"BRINCAR E RECRIAR: QUANDO AS CRIAN\u00c7AS CONJUGAM VERBOS EM TEMPOS CIRCULARES\"}]},{\"@type\":\"WebSite\",\"@id\":\"https:\/\/selvagemciclo.org.br\/#website\",\"url\":\"https:\/\/selvagemciclo.org.br\/\",\"name\":\"Selvagem\",\"description\":\"Ciclo de estudos sobre a vida\",\"publisher\":{\"@id\":\"https:\/\/selvagemciclo.org.br\/#organization\"},\"potentialAction\":[{\"@type\":\"SearchAction\",\"target\":{\"@type\":\"EntryPoint\",\"urlTemplate\":\"https:\/\/selvagemciclo.org.br\/?s={search_term_string}\"},\"query-input\":{\"@type\":\"PropertyValueSpecification\",\"valueRequired\":true,\"valueName\":\"search_term_string\"}}],\"inLanguage\":\"en-GB\"},{\"@type\":\"Organization\",\"@id\":\"https:\/\/selvagemciclo.org.br\/#organization\",\"name\":\"Selvagem\",\"url\":\"https:\/\/selvagemciclo.org.br\/\",\"logo\":{\"@type\":\"ImageObject\",\"inLanguage\":\"en-GB\",\"@id\":\"https:\/\/selvagemciclo.org.br\/#\/schema\/logo\/image\/\",\"url\":\"https:\/\/selvagemciclo.org.br\/wp-content\/uploads\/2026\/01\/cropped-ICONE_SELVAGEM_2026-1.png\",\"contentUrl\":\"https:\/\/selvagemciclo.org.br\/wp-content\/uploads\/2026\/01\/cropped-ICONE_SELVAGEM_2026-1.png\",\"width\":512,\"height\":512,\"caption\":\"Selvagem\"},\"image\":{\"@id\":\"https:\/\/selvagemciclo.org.br\/#\/schema\/logo\/image\/\"},\"sameAs\":[\"https:\/\/www.instagram.com\/selvagem_ciclodeestudos\/\",\"https:\/\/www.youtube.com\/@selvagemciclo8\"]},{\"@type\":\"Person\",\"@id\":\"https:\/\/selvagemciclo.org.br\/#\/schema\/person\/5186b4c87114fbf24b65701276b72b11\",\"name\":\"selvagem\",\"image\":{\"@type\":\"ImageObject\",\"inLanguage\":\"en-GB\",\"@id\":\"https:\/\/selvagemciclo.org.br\/#\/schema\/person\/image\/\",\"url\":\"https:\/\/secure.gravatar.com\/avatar\/ea7feba38ee72ae7ccbdc3dbd40b8ec0ea84bdc8282d84ee0fbe16d75671522c?s=96&d=mm&r=g\",\"contentUrl\":\"https:\/\/secure.gravatar.com\/avatar\/ea7feba38ee72ae7ccbdc3dbd40b8ec0ea84bdc8282d84ee0fbe16d75671522c?s=96&d=mm&r=g\",\"caption\":\"selvagem\"},\"url\":\"https:\/\/selvagemciclo.org.br\/en\/author\/selvagem\/\"}]}<\/script>\n<!-- \/ Yoast SEO plugin. -->","yoast_head_json":{"title":"BRINCAR E RECRIAR: QUANDO AS CRIAN\u00c7AS CONJUGAM VERBOS EM TEMPOS CIRCULARES - Selvagem","robots":{"index":"index","follow":"follow","max-snippet":"max-snippet:-1","max-image-preview":"max-image-preview:large","max-video-preview":"max-video-preview:-1"},"canonical":"https:\/\/selvagemciclo.org.br\/en\/brincar-e-recriar-quando-as-criancas-conjugam-verbos-em-tempos-circulares\/","og_locale":"en_GB","og_type":"article","og_title":"BRINCAR E RECRIAR: QUANDO AS CRIAN\u00c7AS CONJUGAM VERBOS EM TEMPOS CIRCULARES - Selvagem","og_description":"BRINCAR E RECRIAR: QUANDO AS CRIAN\u00c7AS CONJUGAM VERBOS EM TEMPOS CIRCULARES Veronica Pinheiro 30 de outubro de 2025 &nbsp; Chegamos em outubro de 2025 para viver a\u00a0\u00c1guam\u00e3e. \u00c0 beira da Ba\u00eda de Guanabara, ber\u00e7o de mundos, as crian\u00e7as recriam o tempo brincando. O Grupo Aprendizagens acompanhou de perto a\u00a0resid\u00eancia Casa Escola Viva, coordenada por Cristine Taku\u00e1. Acompanhar de perto \u00e9 escola e aprendizagem. Tem um tant\u00e3o de gente seguindo ao lado, mas que n\u00e3o est\u00e1 perto. Vivemos tempos de pessoas cansadas com vistas cansadas, que n\u00e3o conseguem ver de perto. Um tempo cheio de inquieta\u00e7\u00f5es, onde adultos especulam conclus\u00f5es e registram tudo em celulares e aparelhos eletr\u00f4nicos. Adultos confiam suas mem\u00f3rias em nuvens, em mem\u00f3rias externas e HDs. Viver esses dias acompanhando crian\u00e7as, jovens, adultos e idosos nos mostraram que as crian\u00e7as ainda escrevem mem\u00f3rias no corpo. As crian\u00e7as, diante do encontro com aquilo que elas n\u00e3o conseguem nomear, silenciam, abrem os olhos e permitem que as informa\u00e7\u00f5es sejam guardadas...","og_url":"https:\/\/selvagemciclo.org.br\/en\/brincar-e-recriar-quando-as-criancas-conjugam-verbos-em-tempos-circulares\/","og_site_name":"Selvagem","article_published_time":"2025-10-30T11:26:02+00:00","article_modified_time":"2025-11-27T15:26:05+00:00","og_image":[{"width":1200,"height":800,"url":"https:\/\/selvagemciclo.org.br\/wp-content\/uploads\/2025\/10\/24.10_AnaRezende_ParteUm41.jpg","type":"image\/jpeg"}],"author":"selvagem","twitter_card":"summary_large_image","twitter_misc":{"Written by":"selvagem","Estimated reading time":"5 minutes"},"schema":{"@context":"https:\/\/schema.org","@graph":[{"@type":"Article","@id":"https:\/\/selvagemciclo.org.br\/brincar-e-recriar-quando-as-criancas-conjugam-verbos-em-tempos-circulares\/#article","isPartOf":{"@id":"https:\/\/selvagemciclo.org.br\/brincar-e-recriar-quando-as-criancas-conjugam-verbos-em-tempos-circulares\/"},"author":{"name":"selvagem","@id":"https:\/\/selvagemciclo.org.br\/#\/schema\/person\/5186b4c87114fbf24b65701276b72b11"},"headline":"BRINCAR E RECRIAR: QUANDO AS CRIAN\u00c7AS CONJUGAM VERBOS EM TEMPOS CIRCULARES","datePublished":"2025-10-30T11:26:02+00:00","dateModified":"2025-11-27T15:26:05+00:00","mainEntityOfPage":{"@id":"https:\/\/selvagemciclo.org.br\/brincar-e-recriar-quando-as-criancas-conjugam-verbos-em-tempos-circulares\/"},"wordCount":1038,"publisher":{"@id":"https:\/\/selvagemciclo.org.br\/#organization"},"image":{"@id":"https:\/\/selvagemciclo.org.br\/brincar-e-recriar-quando-as-criancas-conjugam-verbos-em-tempos-circulares\/#primaryimage"},"thumbnailUrl":"https:\/\/selvagemciclo.org.br\/wp-content\/uploads\/2025\/10\/24.10_AnaRezende_ParteUm41.jpg","articleSection":["Di\u00e1rio Veronica Pinheiro"],"inLanguage":"en-GB"},{"@type":"WebPage","@id":"https:\/\/selvagemciclo.org.br\/brincar-e-recriar-quando-as-criancas-conjugam-verbos-em-tempos-circulares\/","url":"https:\/\/selvagemciclo.org.br\/brincar-e-recriar-quando-as-criancas-conjugam-verbos-em-tempos-circulares\/","name":"BRINCAR E RECRIAR: QUANDO AS CRIAN\u00c7AS CONJUGAM VERBOS EM TEMPOS CIRCULARES - Selvagem","isPartOf":{"@id":"https:\/\/selvagemciclo.org.br\/#website"},"primaryImageOfPage":{"@id":"https:\/\/selvagemciclo.org.br\/brincar-e-recriar-quando-as-criancas-conjugam-verbos-em-tempos-circulares\/#primaryimage"},"image":{"@id":"https:\/\/selvagemciclo.org.br\/brincar-e-recriar-quando-as-criancas-conjugam-verbos-em-tempos-circulares\/#primaryimage"},"thumbnailUrl":"https:\/\/selvagemciclo.org.br\/wp-content\/uploads\/2025\/10\/24.10_AnaRezende_ParteUm41.jpg","datePublished":"2025-10-30T11:26:02+00:00","dateModified":"2025-11-27T15:26:05+00:00","breadcrumb":{"@id":"https:\/\/selvagemciclo.org.br\/brincar-e-recriar-quando-as-criancas-conjugam-verbos-em-tempos-circulares\/#breadcrumb"},"inLanguage":"en-GB","potentialAction":[{"@type":"ReadAction","target":["https:\/\/selvagemciclo.org.br\/brincar-e-recriar-quando-as-criancas-conjugam-verbos-em-tempos-circulares\/"]}]},{"@type":"ImageObject","inLanguage":"en-GB","@id":"https:\/\/selvagemciclo.org.br\/brincar-e-recriar-quando-as-criancas-conjugam-verbos-em-tempos-circulares\/#primaryimage","url":"https:\/\/selvagemciclo.org.br\/wp-content\/uploads\/2025\/10\/24.10_AnaRezende_ParteUm41.jpg","contentUrl":"https:\/\/selvagemciclo.org.br\/wp-content\/uploads\/2025\/10\/24.10_AnaRezende_ParteUm41.jpg","width":1200,"height":800},{"@type":"BreadcrumbList","@id":"https:\/\/selvagemciclo.org.br\/brincar-e-recriar-quando-as-criancas-conjugam-verbos-em-tempos-circulares\/#breadcrumb","itemListElement":[{"@type":"ListItem","position":1,"name":"In\u00edcio","item":"https:\/\/selvagemciclo.org.br\/"},{"@type":"ListItem","position":2,"name":"BRINCAR E RECRIAR: QUANDO AS CRIAN\u00c7AS CONJUGAM VERBOS EM TEMPOS CIRCULARES"}]},{"@type":"WebSite","@id":"https:\/\/selvagemciclo.org.br\/#website","url":"https:\/\/selvagemciclo.org.br\/","name":"Selvagem","description":"Ciclo de estudos sobre a vida","publisher":{"@id":"https:\/\/selvagemciclo.org.br\/#organization"},"potentialAction":[{"@type":"SearchAction","target":{"@type":"EntryPoint","urlTemplate":"https:\/\/selvagemciclo.org.br\/?s={search_term_string}"},"query-input":{"@type":"PropertyValueSpecification","valueRequired":true,"valueName":"search_term_string"}}],"inLanguage":"en-GB"},{"@type":"Organization","@id":"https:\/\/selvagemciclo.org.br\/#organization","name":"Selvagem","url":"https:\/\/selvagemciclo.org.br\/","logo":{"@type":"ImageObject","inLanguage":"en-GB","@id":"https:\/\/selvagemciclo.org.br\/#\/schema\/logo\/image\/","url":"https:\/\/selvagemciclo.org.br\/wp-content\/uploads\/2026\/01\/cropped-ICONE_SELVAGEM_2026-1.png","contentUrl":"https:\/\/selvagemciclo.org.br\/wp-content\/uploads\/2026\/01\/cropped-ICONE_SELVAGEM_2026-1.png","width":512,"height":512,"caption":"Selvagem"},"image":{"@id":"https:\/\/selvagemciclo.org.br\/#\/schema\/logo\/image\/"},"sameAs":["https:\/\/www.instagram.com\/selvagem_ciclodeestudos\/","https:\/\/www.youtube.com\/@selvagemciclo8"]},{"@type":"Person","@id":"https:\/\/selvagemciclo.org.br\/#\/schema\/person\/5186b4c87114fbf24b65701276b72b11","name":"selvagem","image":{"@type":"ImageObject","inLanguage":"en-GB","@id":"https:\/\/selvagemciclo.org.br\/#\/schema\/person\/image\/","url":"https:\/\/secure.gravatar.com\/avatar\/ea7feba38ee72ae7ccbdc3dbd40b8ec0ea84bdc8282d84ee0fbe16d75671522c?s=96&d=mm&r=g","contentUrl":"https:\/\/secure.gravatar.com\/avatar\/ea7feba38ee72ae7ccbdc3dbd40b8ec0ea84bdc8282d84ee0fbe16d75671522c?s=96&d=mm&r=g","caption":"selvagem"},"url":"https:\/\/selvagemciclo.org.br\/en\/author\/selvagem\/"}]}},"_links":{"self":[{"href":"https:\/\/selvagemciclo.org.br\/en\/wp-json\/wp\/v2\/posts\/9618","targetHints":{"allow":["GET"]}}],"collection":[{"href":"https:\/\/selvagemciclo.org.br\/en\/wp-json\/wp\/v2\/posts"}],"about":[{"href":"https:\/\/selvagemciclo.org.br\/en\/wp-json\/wp\/v2\/types\/post"}],"author":[{"embeddable":true,"href":"https:\/\/selvagemciclo.org.br\/en\/wp-json\/wp\/v2\/users\/2"}],"replies":[{"embeddable":true,"href":"https:\/\/selvagemciclo.org.br\/en\/wp-json\/wp\/v2\/comments?post=9618"}],"version-history":[{"count":2,"href":"https:\/\/selvagemciclo.org.br\/en\/wp-json\/wp\/v2\/posts\/9618\/revisions"}],"predecessor-version":[{"id":9765,"href":"https:\/\/selvagemciclo.org.br\/en\/wp-json\/wp\/v2\/posts\/9618\/revisions\/9765"}],"wp:featuredmedia":[{"embeddable":true,"href":"https:\/\/selvagemciclo.org.br\/en\/wp-json\/wp\/v2\/media\/9244"}],"wp:attachment":[{"href":"https:\/\/selvagemciclo.org.br\/en\/wp-json\/wp\/v2\/media?parent=9618"}],"wp:term":[{"taxonomy":"category","embeddable":true,"href":"https:\/\/selvagemciclo.org.br\/en\/wp-json\/wp\/v2\/categories?post=9618"},{"taxonomy":"post_tag","embeddable":true,"href":"https:\/\/selvagemciclo.org.br\/en\/wp-json\/wp\/v2\/tags?post=9618"}],"curies":[{"name":"wp","href":"https:\/\/api.w.org\/{rel}","templated":true}]}}