{"id":9610,"date":"2025-08-21T08:19:33","date_gmt":"2025-08-21T11:19:33","guid":{"rendered":"https:\/\/selvagemciclo.org.br\/?p=9610"},"modified":"2025-11-27T12:28:48","modified_gmt":"2025-11-27T15:28:48","slug":"tem-que-ter-olho-para-ver-miudeza","status":"publish","type":"post","link":"https:\/\/selvagemciclo.org.br\/en\/tem-que-ter-olho-para-ver-miudeza\/","title":{"rendered":"YOU NEED EYES TO SEE THE SMALL THINGS"},"content":{"rendered":"<div class=\"wpb_text_column wpb_content_element\">\n<div class=\"wpb_wrapper\">\n<h5 style=\"text-align: center;\">YOU NEED EYES TO SEE THE SMALL THINGS<\/h5>\n<h5 style=\"text-align: center;\">Veronica Pinheiro<\/h5>\n<p style=\"text-align: center;\">21 August 2025<\/p>\n<p>&nbsp;<\/p>\n<p><img loading=\"lazy\" decoding=\"async\" class=\"aligncenter wp-image-8196\" src=\"https:\/\/selvagemciclo.org.br\/wp-content\/uploads\/2025\/08\/20250708_165916_bx.jpg\" sizes=\"auto, (max-width: 525px) 100vw, 525px\" srcset=\"https:\/\/selvagemciclo.org.br\/wp-content\/uploads\/2025\/08\/20250708_165916_bx.jpg 600w, https:\/\/selvagemciclo.org.br\/wp-content\/uploads\/2025\/08\/20250708_165916_bx-225x300.jpg 225w, https:\/\/selvagemciclo.org.br\/wp-content\/uploads\/2025\/08\/20250708_165916_bx-9x12.jpg 9w\" alt=\"\" width=\"525\" height=\"700\" \/><\/p>\n<p>Children cry. And, through the salty drops, they communicate and express their physical and emotional needs. It is a way of releasing tension and saying, \u201csomething is bothering me\u201d. If crying is communication, it always says something. Think of the discomfort of being left in the care of strangers without your consent for hours, five days a week. Children are starting to attend formal educational environments earlier and earlier. We call the process of introducing a child to school or nursery the \u2018adaptation period.\u2019 In short, it is a time for parents and children to adapt to new relationships and routines.<\/p>\n<p>About children who stop crying more quickly, they say: \u2018That child is adapted\u2019.<\/p>\n<p>Today, I question how much silencing is involved in such adaptation. An adapted child is different from a sheltered child. When well-being is not part of institutional motivations, all you need to know is whether a person ( child or adult) is adapted to the established dynamic; because being adapted is different from being happy. Humans need to give purpose to their practices and, by doing so, they adapt other humans while they are still children.<\/p>\n<p>For two years now, we have known Kayque. From time to time, he goes back to crying at school. Sometimes he cries a lot. Whenever we talk about his crying at school, he replies: \"You know I can't stay for too long. I get irritated. I cry.\" We have learned, through Kayque's crying, to insist on communicating what bothers us. He needs to adapt to a structure that does not adapt to him.<\/p>\n<p>After the last day of crying and talking, we went to the opening of the Nature Readings laboratory.<\/p>\n<p><img loading=\"lazy\" decoding=\"async\" class=\"aligncenter wp-image-8199\" src=\"https:\/\/selvagemciclo.org.br\/wp-content\/uploads\/2025\/08\/20250709_093459_bx-1024x671.png\" sizes=\"auto, (max-width: 915px) 100vw, 915px\" srcset=\"https:\/\/selvagemciclo.org.br\/wp-content\/uploads\/2025\/08\/20250709_093459_bx-1024x671.png 1024w, https:\/\/selvagemciclo.org.br\/wp-content\/uploads\/2025\/08\/20250709_093459_bx-300x197.png 300w, https:\/\/selvagemciclo.org.br\/wp-content\/uploads\/2025\/08\/20250709_093459_bx-768x504.png 768w, https:\/\/selvagemciclo.org.br\/wp-content\/uploads\/2025\/08\/20250709_093459_bx-18x12.png 18w, https:\/\/selvagemciclo.org.br\/wp-content\/uploads\/2025\/08\/20250709_093459_bx.png 1220w\" alt=\"\" width=\"915\" height=\"600\" \/><\/p>\n<p>The Ways of Knowing Group is setting up a laboratory with microscopes to read plant leaves at Escragnolle school. A space dedicated to observation and reading, where, in our own way, we learn to understand what the plants in the school garden are telling us. Kayque's class had the task of observing the lemon balm that perfumes the school entrance. First, they touched the plant, caressing its contours and textures; then they smelled the leaves, flowers, and branches. Next, they drew what they saw. Kayque, due to motor issues, chose not to draw, but he joined in the activities. The students researched and talked about plants that heal while they waited, with some anxiety, for the moment to observe them under the microscope.<\/p>\n<p>When we announced that we could see very, very small things under microscopes, Kayque started crying again. He communicated again. He is learning to put words and meaning to what he feels. This time, he seemed sad and said, \"I can't run or do a lot of things. Now I won't be able to see who lives on the plant either. I won't be able to look through the \u201ctelescope\u201d.\u2018 And he concluded: \u2019I wear glasses, not everyone has eyes to see the small things.\"<\/p>\n<p>He was crying because he didn't want to be left out of an experience he had once seen on television. He also wanted to see who lived in the plant, like the other children in his class. The boy calmed down when he learned that the school microscope was different from the one in the book and the film; instead of eyepieces, our microscope has a screen.<\/p>\n<p><img loading=\"lazy\" decoding=\"async\" class=\"aligncenter wp-image-8197\" src=\"https:\/\/selvagemciclo.org.br\/wp-content\/uploads\/2025\/08\/20250617_104018_bx.jpg\" sizes=\"auto, (max-width: 525px) 100vw, 525px\" srcset=\"https:\/\/selvagemciclo.org.br\/wp-content\/uploads\/2025\/08\/20250617_104018_bx.jpg 600w, https:\/\/selvagemciclo.org.br\/wp-content\/uploads\/2025\/08\/20250617_104018_bx-225x300.jpg 225w, https:\/\/selvagemciclo.org.br\/wp-content\/uploads\/2025\/08\/20250617_104018_bx-9x12.jpg 9w\" alt=\"\" width=\"525\" height=\"700\" \/><\/p>\n<p>With the devices turned on, we let curiosity guide the children's research. The fun of discovery made studying more beautiful. At that moment, Kayque and his friends saw what made the lemon balm leaf so soft: \u2018This leaf has little hairs.\u2019<\/p>\n<p>\u2018The leaf is not entirely green as our eyes see it. There's yellow and white too.\u2019<\/p>\n<p>\u2018The greener leaf is softer, with more white droplets.\u2019<\/p>\n<p><img loading=\"lazy\" decoding=\"async\" class=\"aligncenter wp-image-8198\" src=\"https:\/\/selvagemciclo.org.br\/wp-content\/uploads\/2025\/08\/20250612_165742_bx-1024x768.jpg\" sizes=\"auto, (max-width: 667px) 100vw, 667px\" srcset=\"https:\/\/selvagemciclo.org.br\/wp-content\/uploads\/2025\/08\/20250612_165742_bx-1024x768.jpg 1024w, https:\/\/selvagemciclo.org.br\/wp-content\/uploads\/2025\/08\/20250612_165742_bx-300x225.jpg 300w, https:\/\/selvagemciclo.org.br\/wp-content\/uploads\/2025\/08\/20250612_165742_bx-768x576.jpg 768w, https:\/\/selvagemciclo.org.br\/wp-content\/uploads\/2025\/08\/20250612_165742_bx-16x12.jpg 16w, https:\/\/selvagemciclo.org.br\/wp-content\/uploads\/2025\/08\/20250612_165742_bx.jpg 1067w\" alt=\"\" width=\"667\" height=\"500\" \/><\/p>\n<p>For each small thing they identified, the nouns were carefully described with adjectives by the little researchers.<\/p>\n<p>\u2018Miss V. said there are creatures living in these leaves. We have to find out who they are!\u2019<\/p>\n<p>The usual leaf, the same lemon balm leaf so familiar to children, was seen for the first time through a magnifying glass. And, as Kayque aptly summarised, the lens served to reveal the small things that the eye cannot see. Milena was the first to notice the creatures on the leaves. She, who usually shows impatience towards proposals, was silent, trying to see with her eyes, ears and nostrils. Words only found their way out of the girl's mouth when she identified identical dots that looked like worms. \u2018I need to enlarge the image! Tell the leaf not to move. Silence. I saw it! It's pale yellow, it moves like a snake. There are lots of them here. We are not alone!\u2019<\/p>\n<p>Once the creatures living in the lemon balm leaves had been found, the research continued in search of the \u2018right name to call the pale yellow worms\u2019. Germs, bugs, bacteria, worms, micro-organisms. The experience became more and more beautiful as time went by. Narratives, stories of how those creatures got there, hypotheses and fabulations created sensitive records among the children. The plant's leaf was a dense book to be read without rush, as learning involves a complex system of interactions. By studying the leaf with curiosity and interest, children can develop essential cognitive, emotional, and social skills. Discoveries, even the simplest ones, stimulate critical thinking, language, motor coordination, and problem-solving skills.<\/p>\n<p><img loading=\"lazy\" decoding=\"async\" class=\"aligncenter wp-image-8200\" src=\"https:\/\/selvagemciclo.org.br\/wp-content\/uploads\/2025\/08\/20250611_132652_bx.jpg\" sizes=\"auto, (max-width: 525px) 100vw, 525px\" srcset=\"https:\/\/selvagemciclo.org.br\/wp-content\/uploads\/2025\/08\/20250611_132652_bx.jpg 600w, https:\/\/selvagemciclo.org.br\/wp-content\/uploads\/2025\/08\/20250611_132652_bx-225x300.jpg 225w, https:\/\/selvagemciclo.org.br\/wp-content\/uploads\/2025\/08\/20250611_132652_bx-9x12.jpg 9w\" alt=\"\" width=\"525\" height=\"700\" \/><\/p>\n<p>Kayque's crying gave way to questions. And the research that began became a challenge. Having the eyes to see the small things was not enough for the boy. The act of seeing did not end there. Seeing small things was not the end, but the beginning of an active and inventive journey. Now that we had seen, we wanted to know more about the tiny creatures we had observed. Children teach us that once we have seen a being, we cannot ignore their existence. And since we do not walk alone, the images taken by the children were sent to a biologist with a PhD in earthworms. To the children's surprise, the creatures were not earthworms but springtails, small arthropods that are important for maintaining ecosystems.<\/p>\n<p>From then on, the research became routine, and seeing the small things has become a daily exercise. We haven't seen Kayque cry in over a month. We hope he is feeling sheltered.<\/p>\n<p>&nbsp;<\/p>\n<p><em>Photos: Veronica Pinheiro<\/em><\/p>\n<p>Springtail Video\u00a0<a href=\"https:\/\/youtube.com\/shorts\/SQltVeCcuZ0?si=CAFCbRg-FlAjk5DX\">Col\u00eambolos<\/a><\/p>\n<\/div>\n<\/div>","protected":false},"excerpt":{"rendered":"<p>TEM QUE TER OLHO PRA VER MIUDEZA Veronica Pinheiro 21 de agosto de 2025 &nbsp; As crian\u00e7as choram. E, em gotas salgadas, comunicam e expressam necessidades f\u00edsicas e emocionais. \u00c9 uma forma de liberar tens\u00f5es e dizer \u201calgo est\u00e1 me incomodando\u201d. Se o choro \u00e9 comunica\u00e7\u00e3o, ele sempre diz algo. Pense no desconforto de ser deixado aos cuidados de pessoas desconhecidas sem o seu consentimento por horas, cinco dias por semana. As crian\u00e7as est\u00e3o come\u00e7ando a frequentar ambientes educacionais formais cada vez mais cedo. Chamamos de \u201cper\u00edodo de adapta\u00e7\u00e3o\u201d o processo de inicia\u00e7\u00e3o da crian\u00e7a na escola ou creche. Resumidamente \u00e9 o momento que pais e crian\u00e7as precisam para se adequar \u00e0s novas rela\u00e7\u00f5es e rotina. Sobre as crian\u00e7as que param de chorar mais rapidamente dizem \u201cessa crian\u00e7a est\u00e1 adaptada\u201d. Hoje questiono o quanto de silenciamento h\u00e1 na tal adapta\u00e7\u00e3o. Uma crian\u00e7a adaptada \u00e9 diferente de uma crian\u00e7a acolhida. Quando o bem-viver n\u00e3o faz parte das motiva\u00e7\u00f5es institucionais, basta saber&#8230;<\/p>","protected":false},"author":2,"featured_media":8200,"comment_status":"closed","ping_status":"closed","sticky":false,"template":"","format":"standard","meta":{"_acf_changed":false,"footnotes":""},"categories":[57],"tags":[],"class_list":["post-9610","post","type-post","status-publish","format-standard","has-post-thumbnail","category-diario-veronica-pinheiro"],"acf":[],"yoast_head":"<!-- This site is optimized with the Yoast SEO plugin v27.1.1 - https:\/\/yoast.com\/product\/yoast-seo-wordpress\/ -->\n<title>TEM QUE TER OLHO PARA VER MIUDEZA - Selvagem<\/title>\n<meta name=\"robots\" content=\"index, follow, max-snippet:-1, max-image-preview:large, max-video-preview:-1\" \/>\n<link rel=\"canonical\" href=\"https:\/\/selvagemciclo.org.br\/en\/tem-que-ter-olho-para-ver-miudeza\/\" \/>\n<meta property=\"og:locale\" content=\"en_GB\" \/>\n<meta property=\"og:type\" content=\"article\" \/>\n<meta property=\"og:title\" content=\"TEM QUE TER OLHO PARA VER MIUDEZA - Selvagem\" \/>\n<meta property=\"og:description\" content=\"TEM QUE TER OLHO PRA VER MIUDEZA Veronica Pinheiro 21 de agosto de 2025 &nbsp; As crian\u00e7as choram. E, em gotas salgadas, comunicam e expressam necessidades f\u00edsicas e emocionais. \u00c9 uma forma de liberar tens\u00f5es e dizer \u201calgo est\u00e1 me incomodando\u201d. Se o choro \u00e9 comunica\u00e7\u00e3o, ele sempre diz algo. Pense no desconforto de ser deixado aos cuidados de pessoas desconhecidas sem o seu consentimento por horas, cinco dias por semana. As crian\u00e7as est\u00e3o come\u00e7ando a frequentar ambientes educacionais formais cada vez mais cedo. Chamamos de \u201cper\u00edodo de adapta\u00e7\u00e3o\u201d o processo de inicia\u00e7\u00e3o da crian\u00e7a na escola ou creche. Resumidamente \u00e9 o momento que pais e crian\u00e7as precisam para se adequar \u00e0s novas rela\u00e7\u00f5es e rotina. Sobre as crian\u00e7as que param de chorar mais rapidamente dizem \u201cessa crian\u00e7a est\u00e1 adaptada\u201d. Hoje questiono o quanto de silenciamento h\u00e1 na tal adapta\u00e7\u00e3o. Uma crian\u00e7a adaptada \u00e9 diferente de uma crian\u00e7a acolhida. Quando o bem-viver n\u00e3o faz parte das motiva\u00e7\u00f5es institucionais, basta saber...\" \/>\n<meta property=\"og:url\" content=\"https:\/\/selvagemciclo.org.br\/en\/tem-que-ter-olho-para-ver-miudeza\/\" \/>\n<meta property=\"og:site_name\" content=\"Selvagem\" \/>\n<meta property=\"article:published_time\" content=\"2025-08-21T11:19:33+00:00\" \/>\n<meta property=\"article:modified_time\" content=\"2025-11-27T15:28:48+00:00\" \/>\n<meta property=\"og:image\" content=\"https:\/\/selvagemciclo.org.br\/wp-content\/uploads\/2025\/08\/20250611_132652_bx.jpg\" \/>\n\t<meta property=\"og:image:width\" content=\"600\" \/>\n\t<meta property=\"og:image:height\" content=\"800\" \/>\n\t<meta property=\"og:image:type\" content=\"image\/jpeg\" \/>\n<meta name=\"author\" content=\"selvagem\" \/>\n<meta name=\"twitter:card\" content=\"summary_large_image\" \/>\n<meta name=\"twitter:label1\" content=\"Written by\" \/>\n\t<meta name=\"twitter:data1\" content=\"selvagem\" \/>\n\t<meta name=\"twitter:label2\" content=\"Estimated reading time\" \/>\n\t<meta name=\"twitter:data2\" content=\"5 minutes\" \/>\n<script type=\"application\/ld+json\" class=\"yoast-schema-graph\">{\"@context\":\"https:\/\/schema.org\",\"@graph\":[{\"@type\":\"Article\",\"@id\":\"https:\/\/selvagemciclo.org.br\/tem-que-ter-olho-para-ver-miudeza\/#article\",\"isPartOf\":{\"@id\":\"https:\/\/selvagemciclo.org.br\/tem-que-ter-olho-para-ver-miudeza\/\"},\"author\":{\"name\":\"selvagem\",\"@id\":\"https:\/\/selvagemciclo.org.br\/#\/schema\/person\/5186b4c87114fbf24b65701276b72b11\"},\"headline\":\"TEM QUE TER OLHO PARA VER MIUDEZA\",\"datePublished\":\"2025-08-21T11:19:33+00:00\",\"dateModified\":\"2025-11-27T15:28:48+00:00\",\"mainEntityOfPage\":{\"@id\":\"https:\/\/selvagemciclo.org.br\/tem-que-ter-olho-para-ver-miudeza\/\"},\"wordCount\":1094,\"publisher\":{\"@id\":\"https:\/\/selvagemciclo.org.br\/#organization\"},\"image\":{\"@id\":\"https:\/\/selvagemciclo.org.br\/tem-que-ter-olho-para-ver-miudeza\/#primaryimage\"},\"thumbnailUrl\":\"https:\/\/selvagemciclo.org.br\/wp-content\/uploads\/2025\/08\/20250611_132652_bx.jpg\",\"articleSection\":[\"Di\u00e1rio Veronica Pinheiro\"],\"inLanguage\":\"en-GB\"},{\"@type\":\"WebPage\",\"@id\":\"https:\/\/selvagemciclo.org.br\/tem-que-ter-olho-para-ver-miudeza\/\",\"url\":\"https:\/\/selvagemciclo.org.br\/tem-que-ter-olho-para-ver-miudeza\/\",\"name\":\"TEM QUE TER OLHO PARA VER MIUDEZA - Selvagem\",\"isPartOf\":{\"@id\":\"https:\/\/selvagemciclo.org.br\/#website\"},\"primaryImageOfPage\":{\"@id\":\"https:\/\/selvagemciclo.org.br\/tem-que-ter-olho-para-ver-miudeza\/#primaryimage\"},\"image\":{\"@id\":\"https:\/\/selvagemciclo.org.br\/tem-que-ter-olho-para-ver-miudeza\/#primaryimage\"},\"thumbnailUrl\":\"https:\/\/selvagemciclo.org.br\/wp-content\/uploads\/2025\/08\/20250611_132652_bx.jpg\",\"datePublished\":\"2025-08-21T11:19:33+00:00\",\"dateModified\":\"2025-11-27T15:28:48+00:00\",\"breadcrumb\":{\"@id\":\"https:\/\/selvagemciclo.org.br\/tem-que-ter-olho-para-ver-miudeza\/#breadcrumb\"},\"inLanguage\":\"en-GB\",\"potentialAction\":[{\"@type\":\"ReadAction\",\"target\":[\"https:\/\/selvagemciclo.org.br\/tem-que-ter-olho-para-ver-miudeza\/\"]}]},{\"@type\":\"ImageObject\",\"inLanguage\":\"en-GB\",\"@id\":\"https:\/\/selvagemciclo.org.br\/tem-que-ter-olho-para-ver-miudeza\/#primaryimage\",\"url\":\"https:\/\/selvagemciclo.org.br\/wp-content\/uploads\/2025\/08\/20250611_132652_bx.jpg\",\"contentUrl\":\"https:\/\/selvagemciclo.org.br\/wp-content\/uploads\/2025\/08\/20250611_132652_bx.jpg\",\"width\":600,\"height\":800},{\"@type\":\"BreadcrumbList\",\"@id\":\"https:\/\/selvagemciclo.org.br\/tem-que-ter-olho-para-ver-miudeza\/#breadcrumb\",\"itemListElement\":[{\"@type\":\"ListItem\",\"position\":1,\"name\":\"In\u00edcio\",\"item\":\"https:\/\/selvagemciclo.org.br\/\"},{\"@type\":\"ListItem\",\"position\":2,\"name\":\"TEM QUE TER OLHO PARA VER MIUDEZA\"}]},{\"@type\":\"WebSite\",\"@id\":\"https:\/\/selvagemciclo.org.br\/#website\",\"url\":\"https:\/\/selvagemciclo.org.br\/\",\"name\":\"Selvagem\",\"description\":\"Ciclo de estudos sobre a vida\",\"publisher\":{\"@id\":\"https:\/\/selvagemciclo.org.br\/#organization\"},\"potentialAction\":[{\"@type\":\"SearchAction\",\"target\":{\"@type\":\"EntryPoint\",\"urlTemplate\":\"https:\/\/selvagemciclo.org.br\/?s={search_term_string}\"},\"query-input\":{\"@type\":\"PropertyValueSpecification\",\"valueRequired\":true,\"valueName\":\"search_term_string\"}}],\"inLanguage\":\"en-GB\"},{\"@type\":\"Organization\",\"@id\":\"https:\/\/selvagemciclo.org.br\/#organization\",\"name\":\"Selvagem\",\"url\":\"https:\/\/selvagemciclo.org.br\/\",\"logo\":{\"@type\":\"ImageObject\",\"inLanguage\":\"en-GB\",\"@id\":\"https:\/\/selvagemciclo.org.br\/#\/schema\/logo\/image\/\",\"url\":\"https:\/\/selvagemciclo.org.br\/wp-content\/uploads\/2026\/01\/cropped-ICONE_SELVAGEM_2026-1.png\",\"contentUrl\":\"https:\/\/selvagemciclo.org.br\/wp-content\/uploads\/2026\/01\/cropped-ICONE_SELVAGEM_2026-1.png\",\"width\":512,\"height\":512,\"caption\":\"Selvagem\"},\"image\":{\"@id\":\"https:\/\/selvagemciclo.org.br\/#\/schema\/logo\/image\/\"},\"sameAs\":[\"https:\/\/www.instagram.com\/selvagem_ciclodeestudos\/\",\"https:\/\/www.youtube.com\/@selvagemciclo8\"]},{\"@type\":\"Person\",\"@id\":\"https:\/\/selvagemciclo.org.br\/#\/schema\/person\/5186b4c87114fbf24b65701276b72b11\",\"name\":\"selvagem\",\"image\":{\"@type\":\"ImageObject\",\"inLanguage\":\"en-GB\",\"@id\":\"https:\/\/selvagemciclo.org.br\/#\/schema\/person\/image\/\",\"url\":\"https:\/\/secure.gravatar.com\/avatar\/ea7feba38ee72ae7ccbdc3dbd40b8ec0ea84bdc8282d84ee0fbe16d75671522c?s=96&d=mm&r=g\",\"contentUrl\":\"https:\/\/secure.gravatar.com\/avatar\/ea7feba38ee72ae7ccbdc3dbd40b8ec0ea84bdc8282d84ee0fbe16d75671522c?s=96&d=mm&r=g\",\"caption\":\"selvagem\"},\"url\":\"https:\/\/selvagemciclo.org.br\/en\/author\/selvagem\/\"}]}<\/script>\n<!-- \/ Yoast SEO plugin. -->","yoast_head_json":{"title":"TEM QUE TER OLHO PARA VER MIUDEZA - Selvagem","robots":{"index":"index","follow":"follow","max-snippet":"max-snippet:-1","max-image-preview":"max-image-preview:large","max-video-preview":"max-video-preview:-1"},"canonical":"https:\/\/selvagemciclo.org.br\/en\/tem-que-ter-olho-para-ver-miudeza\/","og_locale":"en_GB","og_type":"article","og_title":"TEM QUE TER OLHO PARA VER MIUDEZA - Selvagem","og_description":"TEM QUE TER OLHO PRA VER MIUDEZA Veronica Pinheiro 21 de agosto de 2025 &nbsp; As crian\u00e7as choram. E, em gotas salgadas, comunicam e expressam necessidades f\u00edsicas e emocionais. \u00c9 uma forma de liberar tens\u00f5es e dizer \u201calgo est\u00e1 me incomodando\u201d. Se o choro \u00e9 comunica\u00e7\u00e3o, ele sempre diz algo. Pense no desconforto de ser deixado aos cuidados de pessoas desconhecidas sem o seu consentimento por horas, cinco dias por semana. As crian\u00e7as est\u00e3o come\u00e7ando a frequentar ambientes educacionais formais cada vez mais cedo. Chamamos de \u201cper\u00edodo de adapta\u00e7\u00e3o\u201d o processo de inicia\u00e7\u00e3o da crian\u00e7a na escola ou creche. Resumidamente \u00e9 o momento que pais e crian\u00e7as precisam para se adequar \u00e0s novas rela\u00e7\u00f5es e rotina. Sobre as crian\u00e7as que param de chorar mais rapidamente dizem \u201cessa crian\u00e7a est\u00e1 adaptada\u201d. Hoje questiono o quanto de silenciamento h\u00e1 na tal adapta\u00e7\u00e3o. Uma crian\u00e7a adaptada \u00e9 diferente de uma crian\u00e7a acolhida. Quando o bem-viver n\u00e3o faz parte das motiva\u00e7\u00f5es institucionais, basta saber...","og_url":"https:\/\/selvagemciclo.org.br\/en\/tem-que-ter-olho-para-ver-miudeza\/","og_site_name":"Selvagem","article_published_time":"2025-08-21T11:19:33+00:00","article_modified_time":"2025-11-27T15:28:48+00:00","og_image":[{"width":600,"height":800,"url":"https:\/\/selvagemciclo.org.br\/wp-content\/uploads\/2025\/08\/20250611_132652_bx.jpg","type":"image\/jpeg"}],"author":"selvagem","twitter_card":"summary_large_image","twitter_misc":{"Written by":"selvagem","Estimated reading time":"5 minutes"},"schema":{"@context":"https:\/\/schema.org","@graph":[{"@type":"Article","@id":"https:\/\/selvagemciclo.org.br\/tem-que-ter-olho-para-ver-miudeza\/#article","isPartOf":{"@id":"https:\/\/selvagemciclo.org.br\/tem-que-ter-olho-para-ver-miudeza\/"},"author":{"name":"selvagem","@id":"https:\/\/selvagemciclo.org.br\/#\/schema\/person\/5186b4c87114fbf24b65701276b72b11"},"headline":"TEM QUE TER OLHO PARA VER MIUDEZA","datePublished":"2025-08-21T11:19:33+00:00","dateModified":"2025-11-27T15:28:48+00:00","mainEntityOfPage":{"@id":"https:\/\/selvagemciclo.org.br\/tem-que-ter-olho-para-ver-miudeza\/"},"wordCount":1094,"publisher":{"@id":"https:\/\/selvagemciclo.org.br\/#organization"},"image":{"@id":"https:\/\/selvagemciclo.org.br\/tem-que-ter-olho-para-ver-miudeza\/#primaryimage"},"thumbnailUrl":"https:\/\/selvagemciclo.org.br\/wp-content\/uploads\/2025\/08\/20250611_132652_bx.jpg","articleSection":["Di\u00e1rio Veronica Pinheiro"],"inLanguage":"en-GB"},{"@type":"WebPage","@id":"https:\/\/selvagemciclo.org.br\/tem-que-ter-olho-para-ver-miudeza\/","url":"https:\/\/selvagemciclo.org.br\/tem-que-ter-olho-para-ver-miudeza\/","name":"TEM QUE TER OLHO PARA VER MIUDEZA - Selvagem","isPartOf":{"@id":"https:\/\/selvagemciclo.org.br\/#website"},"primaryImageOfPage":{"@id":"https:\/\/selvagemciclo.org.br\/tem-que-ter-olho-para-ver-miudeza\/#primaryimage"},"image":{"@id":"https:\/\/selvagemciclo.org.br\/tem-que-ter-olho-para-ver-miudeza\/#primaryimage"},"thumbnailUrl":"https:\/\/selvagemciclo.org.br\/wp-content\/uploads\/2025\/08\/20250611_132652_bx.jpg","datePublished":"2025-08-21T11:19:33+00:00","dateModified":"2025-11-27T15:28:48+00:00","breadcrumb":{"@id":"https:\/\/selvagemciclo.org.br\/tem-que-ter-olho-para-ver-miudeza\/#breadcrumb"},"inLanguage":"en-GB","potentialAction":[{"@type":"ReadAction","target":["https:\/\/selvagemciclo.org.br\/tem-que-ter-olho-para-ver-miudeza\/"]}]},{"@type":"ImageObject","inLanguage":"en-GB","@id":"https:\/\/selvagemciclo.org.br\/tem-que-ter-olho-para-ver-miudeza\/#primaryimage","url":"https:\/\/selvagemciclo.org.br\/wp-content\/uploads\/2025\/08\/20250611_132652_bx.jpg","contentUrl":"https:\/\/selvagemciclo.org.br\/wp-content\/uploads\/2025\/08\/20250611_132652_bx.jpg","width":600,"height":800},{"@type":"BreadcrumbList","@id":"https:\/\/selvagemciclo.org.br\/tem-que-ter-olho-para-ver-miudeza\/#breadcrumb","itemListElement":[{"@type":"ListItem","position":1,"name":"In\u00edcio","item":"https:\/\/selvagemciclo.org.br\/"},{"@type":"ListItem","position":2,"name":"TEM QUE TER OLHO PARA VER MIUDEZA"}]},{"@type":"WebSite","@id":"https:\/\/selvagemciclo.org.br\/#website","url":"https:\/\/selvagemciclo.org.br\/","name":"Selvagem","description":"Ciclo de estudos sobre a vida","publisher":{"@id":"https:\/\/selvagemciclo.org.br\/#organization"},"potentialAction":[{"@type":"SearchAction","target":{"@type":"EntryPoint","urlTemplate":"https:\/\/selvagemciclo.org.br\/?s={search_term_string}"},"query-input":{"@type":"PropertyValueSpecification","valueRequired":true,"valueName":"search_term_string"}}],"inLanguage":"en-GB"},{"@type":"Organization","@id":"https:\/\/selvagemciclo.org.br\/#organization","name":"Selvagem","url":"https:\/\/selvagemciclo.org.br\/","logo":{"@type":"ImageObject","inLanguage":"en-GB","@id":"https:\/\/selvagemciclo.org.br\/#\/schema\/logo\/image\/","url":"https:\/\/selvagemciclo.org.br\/wp-content\/uploads\/2026\/01\/cropped-ICONE_SELVAGEM_2026-1.png","contentUrl":"https:\/\/selvagemciclo.org.br\/wp-content\/uploads\/2026\/01\/cropped-ICONE_SELVAGEM_2026-1.png","width":512,"height":512,"caption":"Selvagem"},"image":{"@id":"https:\/\/selvagemciclo.org.br\/#\/schema\/logo\/image\/"},"sameAs":["https:\/\/www.instagram.com\/selvagem_ciclodeestudos\/","https:\/\/www.youtube.com\/@selvagemciclo8"]},{"@type":"Person","@id":"https:\/\/selvagemciclo.org.br\/#\/schema\/person\/5186b4c87114fbf24b65701276b72b11","name":"selvagem","image":{"@type":"ImageObject","inLanguage":"en-GB","@id":"https:\/\/selvagemciclo.org.br\/#\/schema\/person\/image\/","url":"https:\/\/secure.gravatar.com\/avatar\/ea7feba38ee72ae7ccbdc3dbd40b8ec0ea84bdc8282d84ee0fbe16d75671522c?s=96&d=mm&r=g","contentUrl":"https:\/\/secure.gravatar.com\/avatar\/ea7feba38ee72ae7ccbdc3dbd40b8ec0ea84bdc8282d84ee0fbe16d75671522c?s=96&d=mm&r=g","caption":"selvagem"},"url":"https:\/\/selvagemciclo.org.br\/en\/author\/selvagem\/"}]}},"_links":{"self":[{"href":"https:\/\/selvagemciclo.org.br\/en\/wp-json\/wp\/v2\/posts\/9610","targetHints":{"allow":["GET"]}}],"collection":[{"href":"https:\/\/selvagemciclo.org.br\/en\/wp-json\/wp\/v2\/posts"}],"about":[{"href":"https:\/\/selvagemciclo.org.br\/en\/wp-json\/wp\/v2\/types\/post"}],"author":[{"embeddable":true,"href":"https:\/\/selvagemciclo.org.br\/en\/wp-json\/wp\/v2\/users\/2"}],"replies":[{"embeddable":true,"href":"https:\/\/selvagemciclo.org.br\/en\/wp-json\/wp\/v2\/comments?post=9610"}],"version-history":[{"count":2,"href":"https:\/\/selvagemciclo.org.br\/en\/wp-json\/wp\/v2\/posts\/9610\/revisions"}],"predecessor-version":[{"id":9771,"href":"https:\/\/selvagemciclo.org.br\/en\/wp-json\/wp\/v2\/posts\/9610\/revisions\/9771"}],"wp:featuredmedia":[{"embeddable":true,"href":"https:\/\/selvagemciclo.org.br\/en\/wp-json\/wp\/v2\/media\/8200"}],"wp:attachment":[{"href":"https:\/\/selvagemciclo.org.br\/en\/wp-json\/wp\/v2\/media?parent=9610"}],"wp:term":[{"taxonomy":"category","embeddable":true,"href":"https:\/\/selvagemciclo.org.br\/en\/wp-json\/wp\/v2\/categories?post=9610"},{"taxonomy":"post_tag","embeddable":true,"href":"https:\/\/selvagemciclo.org.br\/en\/wp-json\/wp\/v2\/tags?post=9610"}],"curies":[{"name":"wp","href":"https:\/\/api.w.org\/{rel}","templated":true}]}}