{"id":8097,"date":"2024-08-27T15:35:21","date_gmt":"2024-08-27T18:35:21","guid":{"rendered":"https:\/\/selvagemciclo.org.br\/?p=8097"},"modified":"2025-11-27T12:45:29","modified_gmt":"2025-11-27T15:45:29","slug":"o-senhor-do-quintal","status":"publish","type":"post","link":"https:\/\/selvagemciclo.org.br\/en\/o-senhor-do-quintal\/","title":{"rendered":"O SENHOR DO QUINTAL"},"content":{"rendered":"<h5 style=\"text-align: center;\">O SENHOR DO QUINTAL<\/h5>\n<h5 style=\"text-align: center;\">Veronica Pinheiro<\/h5>\n<p style=\"text-align: center;\">27 de agosto de 2024<\/p>\n<p>&nbsp;<\/p>\n<p><img loading=\"lazy\" decoding=\"async\" class=\"size-large wp-image-4857 aligncenter\" src=\"https:\/\/selvagemciclo.org.br\/wp-content\/uploads\/2024\/08\/IMG_9799-1024x683.jpg\" sizes=\"auto, (max-width: 1024px) 100vw, 1024px\" srcset=\"https:\/\/selvagemciclo.org.br\/wp-content\/uploads\/2024\/08\/IMG_9799-1024x683.jpg 1024w, https:\/\/selvagemciclo.org.br\/wp-content\/uploads\/2024\/08\/IMG_9799-300x200.jpg 300w, https:\/\/selvagemciclo.org.br\/wp-content\/uploads\/2024\/08\/IMG_9799-768x512.jpg 768w, https:\/\/selvagemciclo.org.br\/wp-content\/uploads\/2024\/08\/IMG_9799-18x12.jpg 18w, https:\/\/selvagemciclo.org.br\/wp-content\/uploads\/2024\/08\/IMG_9799.jpg 1050w\" alt=\"\" width=\"1024\" height=\"683\" \/><\/p>\n<p>The backyards I knew were run by ladies. Backyard ladies. I grew up without a backyard to call my own. I did, however, immerse myself in my grandmother Dona Irene's backyard every week. A yard full of plants, trees and water. Plants to eat, to bathe with, to make tea with, to bless and to delight the eyes with. Backyards are suspended places where you play at being until it's time to be. Like me, most of my little companions on this journey of awakening memories in Favela da Pedreira don't have a backyard at home.<\/p>\n<p>Walking through quilombos and indigenous villages I keep thinking about backyards, terreiros and the absence of communal places in peripheral urban spaces. The absence of these spaces to play influences the sense of community, because when people play, they act out the world around them and the worlds they carry in their memories. By playing, the past and the present are reinvented. Playing is not exclusive to childhood: where I come from, women, men, stars, plants and animals play. Incarnate and enchanted beings also play. It was common to look up at the sky and say that the sun was hiding; to say that the trees were dancing... that the wind was singing. It was also common to play with the entities at home.<\/p>\n<p><img loading=\"lazy\" decoding=\"async\" class=\"size-large wp-image-4861 aligncenter\" src=\"https:\/\/selvagemciclo.org.br\/wp-content\/uploads\/2024\/08\/plantas_pedras-1024x675.png\" sizes=\"auto, (max-width: 1024px) 100vw, 1024px\" srcset=\"https:\/\/selvagemciclo.org.br\/wp-content\/uploads\/2024\/08\/plantas_pedras-1024x675.png 1024w, https:\/\/selvagemciclo.org.br\/wp-content\/uploads\/2024\/08\/plantas_pedras-300x198.png 300w, https:\/\/selvagemciclo.org.br\/wp-content\/uploads\/2024\/08\/plantas_pedras-768x506.png 768w, https:\/\/selvagemciclo.org.br\/wp-content\/uploads\/2024\/08\/plantas_pedras-18x12.png 18w, https:\/\/selvagemciclo.org.br\/wp-content\/uploads\/2024\/08\/plantas_pedras.png 1214w\" alt=\"\" width=\"1024\" height=\"675\" \/><\/p>\n<p>The Professor Escragnolle D\u00f3ria Municipal School has a large yard that is poorly used due to security reasons. The backyard is the school's most vulnerable space, exposed to the weather and 'stray bullets'. If children from the outskirts don't have a yard at home and don't have communal spaces, where can they play? I turn the reading room into a backyard, a wild backyard with a bonfire and moonlight. We understood that the outings organised by the Learning Group in conjunction with the school also needed to be moments for playing. When walking with the children around the city of Rio de Janeiro, we realised that there were profound movements among them to broaden their view of themselves and their territory, to self-regulate their emotions and impulses, and to foster a sense of community. Organically, when they leave school, we see \u2018rowdy\u2019 students becoming leaders, taking on the care of their peers who need support. One child takes another by the hand and offers to spend the whole day by the side of the classmate who is scared or anxious.<\/p>\n<p>The backyard is the outside, the place of encounters and affective, sacred, communal and festive constructions. Our outings are an invitation to go outwards. And some people have very kindly collaborated so that we can go out safely and with a proper structure. We went to Quinta da Boa Vista with the financial support of a former pupil of the school. Mr Altair studied at Escragnolle in the 1980s and, when he heard that we were taking the children on nature outings, he readily offered to pay for the bus and snacks. Mr Altair and his wife were the backyard hosts, just like at the quilombo festivities. Many backyards were opened that morning.<\/p>\n<p>Taiana Sim\u00f5es\u00b9 opened the door to the Quintais Brincantes, bringing Bia Jabor and Rafael Cruz to play. Bia is already part of the Selvagem community and Rafael is inviting us to play in UNIRIO's backyards. Quinta da Boa Vista would just be our location on earth.<\/p>\n<p>Taiana, after the picnic and the walk, said:<\/p>\n<p>\u2018The story tells us that a long, long time ago, in this very same land, there lived a gentleman called Quintas. Mr Quintas loved his backyard and took great care of everything that grew there. He loved it so much and cared for it so much that it was the most beautiful thing one could ever see. And that yard wasn't just about beauty. All the fruit that grew there was somehow very different from anywhere else. They were huge and very, very sweet indeed! They were so big that the oranges were as big as the heads of the children running around, and the watermelons were the size of truck wheels.<\/p>\n<p>There was so much fruit, so big and delicious, that Mr Quintas' backyard provided food for the whole community around him. Whether it was people or birds, monkeys or skunks, everyone who passed by had something to eat and a good chat to have with Mr Quintas.\u2019<\/p>\n<p>I was surprised! I've known Quinta since I was a child and had never heard of Mr Quintas.<\/p>\n<p>I followed the narrative attentively! Where was I, how have I never known of this incredible gentleman? I realised that what Taiana was telling was a created truth, a literary truth that happens in the imagination.<\/p>\n<p><img loading=\"lazy\" decoding=\"async\" class=\"size-large wp-image-4858 aligncenter\" src=\"https:\/\/selvagemciclo.org.br\/wp-content\/uploads\/2024\/08\/IMG_9795-1024x683.jpg\" sizes=\"auto, (max-width: 1024px) 100vw, 1024px\" srcset=\"https:\/\/selvagemciclo.org.br\/wp-content\/uploads\/2024\/08\/IMG_9795-1024x683.jpg 1024w, https:\/\/selvagemciclo.org.br\/wp-content\/uploads\/2024\/08\/IMG_9795-300x200.jpg 300w, https:\/\/selvagemciclo.org.br\/wp-content\/uploads\/2024\/08\/IMG_9795-768x512.jpg 768w, https:\/\/selvagemciclo.org.br\/wp-content\/uploads\/2024\/08\/IMG_9795-18x12.jpg 18w, https:\/\/selvagemciclo.org.br\/wp-content\/uploads\/2024\/08\/IMG_9795.jpg 1050w\" alt=\"\" width=\"1024\" height=\"683\" \/><\/p>\n<p>\u2018The news about this lovely yard, with its giant, delicious fruits, went from mouth to mouth. And it brought a whole host of curious people who just wanted to get something for themselves. And so, day after day, the whole yard became sad, nothing was the same as before, nothing was so vibrant anymore. And as time went by, Mr Quintas watched his yard die little by little, plant by plant. Until, not knowing what else to do to save his beloved yard, Mr Quintas began to feel so sad, but so sad, that he began to dig a hole in the ground, right in the middle of his yard. He dug a deep hole and put his two feet in it, covered the hole with soil and waited, waited, waited until the rain came. When the rain hit the ground, Mr Quintas's feet began to take root, going deeper and deeper into the earth. His legs became rigid, turning into a hard and very firm trunk. His arms and hair turned towards the sky, grew into branches and leaves that were very tall and eye-catching. Thus, every part of Mr Quintas\u2018 body was transformed into a large, beautiful tree, except for one part that continued to beat inside Mr Quintas\u2019 chest, marking the rhythm of his new life. He thus became the Grove Man, the guardian tree of this backyard.'<\/p>\n<p>'Miss V., does Mr Quintas exist?\u2019<\/p>\n<p>I replied: \u2018I think so\u2019. Ang\u00e9lica, aged 08, had already explained to me at the beginning of the year on a visit to the Botanical Garden that we are a bit like trees.<\/p>\n<p>Realising the doubt in the eyes of those listening, Taiana handed out stethoscopes for the children to listen to the hearts of the trees. Doubt ceased to exist: every tree in that yard had a beating heart. The lord of the backyard was there.<\/p>\n<p>The children, more attentive than me, could hear the baby jackfruit's heart. \u2019We've got to look after the trees, right, Miss V.? Everything's alive.'<\/p>\n<p><img loading=\"lazy\" decoding=\"async\" class=\"size-large wp-image-4859 aligncenter\" src=\"https:\/\/selvagemciclo.org.br\/wp-content\/uploads\/2024\/08\/IMG_9808-1024x683.jpg\" sizes=\"auto, (max-width: 1024px) 100vw, 1024px\" srcset=\"https:\/\/selvagemciclo.org.br\/wp-content\/uploads\/2024\/08\/IMG_9808-1024x683.jpg 1024w, https:\/\/selvagemciclo.org.br\/wp-content\/uploads\/2024\/08\/IMG_9808-300x200.jpg 300w, https:\/\/selvagemciclo.org.br\/wp-content\/uploads\/2024\/08\/IMG_9808-768x512.jpg 768w, https:\/\/selvagemciclo.org.br\/wp-content\/uploads\/2024\/08\/IMG_9808-18x12.jpg 18w, https:\/\/selvagemciclo.org.br\/wp-content\/uploads\/2024\/08\/IMG_9808.jpg 1050w\" alt=\"\" width=\"1024\" height=\"683\" \/><\/p>\n<p>Everything is alive. After telling me this, Bia ran off into the arms of her grandmother L\u00facia. Until I arrived at the Escragnolle School, L\u00facia was the teacher in charge of the unit's reading room. She retired a few weeks after my arrival, but she is present at all the outings as a volunteer. L\u00facia is somehow planted, bringing life to the school in other ways. For a long time I wanted to be the wind. However... together with the children, I have longed to be a planted tree.<\/p>\n<p><img loading=\"lazy\" decoding=\"async\" class=\"size-large wp-image-4862 aligncenter\" src=\"https:\/\/selvagemciclo.org.br\/wp-content\/uploads\/2024\/08\/IMG_9848-1024x683.jpg\" sizes=\"auto, (max-width: 1024px) 100vw, 1024px\" srcset=\"https:\/\/selvagemciclo.org.br\/wp-content\/uploads\/2024\/08\/IMG_9848-1024x683.jpg 1024w, https:\/\/selvagemciclo.org.br\/wp-content\/uploads\/2024\/08\/IMG_9848-300x200.jpg 300w, https:\/\/selvagemciclo.org.br\/wp-content\/uploads\/2024\/08\/IMG_9848-768x512.jpg 768w, https:\/\/selvagemciclo.org.br\/wp-content\/uploads\/2024\/08\/IMG_9848-18x12.jpg 18w, https:\/\/selvagemciclo.org.br\/wp-content\/uploads\/2024\/08\/IMG_9848.jpg 1050w\" alt=\"\" width=\"1024\" height=\"683\" \/><\/p>\n<p style=\"text-align: center;\"><em>Fotos das crian\u00e7as da\u00a0Escola Municipal Professor Escragnolle D\u00f3ria<\/em><\/p>\n<p>&nbsp;<\/p>\n<p>_________________________________________<\/p>\n<p>\u00b9Taiana Sim\u00f5es is an anti-racist educator with a sensitive eye for nature and childhood. Her work integrates different areas of knowledge such as ecoliteracy, science teaching, storytelling, racial literacy and agroecology.<\/p>\n<p>The story of Mr Quintas, by Henrique Santiago, the creator of Ecob\u00e9<\/p>","protected":false},"excerpt":{"rendered":"<p>O SENHOR DO QUINTAL Veronica Pinheiro 27 de agosto de 2024 &nbsp; Os quintais que conheci eram regidos por senhoras. As senhoras dos quintais. Cresci sem um quintal para chamar de meu. No entanto, imergia semanalmente no quintal de Dona Irene, minha av\u00f3. Um quintal cheio de plantas, \u00e1rvores e \u00e1gua. Planta para comer, para banhar, fazer ch\u00e1, para benzer e para enfeitar os olhos. Quintais s\u00e3o lugares suspensos, onde se brinca de ser at\u00e9 chegar a hora de ser. Assim como eu, a maioria de meus pequenos companheiros nessa jornada de despertamento de mem\u00f3rias na Favela da Pedreira n\u00e3o tem um quintal em casa. Andando por quilombos e aldeias fico pensando sobre quintais, terreiros e a aus\u00eancia de lugares comunit\u00e1rios em espa\u00e7os urbanos perif\u00e9ricos. A aus\u00eancia desses espa\u00e7os de brincar influencia no sentido comunit\u00e1rio, pois, quando os seres brincam, representam o mundo em sua volta e os mundos que carregam nas mem\u00f3rias. Brincando, o passado e o presente s\u00e3o&#8230;<\/p>","protected":false},"author":2,"featured_media":4857,"comment_status":"closed","ping_status":"closed","sticky":false,"template":"","format":"standard","meta":{"_acf_changed":false,"footnotes":""},"categories":[57],"tags":[],"class_list":["post-8097","post","type-post","status-publish","format-standard","has-post-thumbnail","category-diario-veronica-pinheiro"],"acf":[],"yoast_head":"<!-- This site is optimized with the Yoast SEO plugin v27.1.1 - https:\/\/yoast.com\/product\/yoast-seo-wordpress\/ -->\n<title>O SENHOR DO QUINTAL - Selvagem<\/title>\n<meta name=\"robots\" content=\"index, follow, max-snippet:-1, max-image-preview:large, max-video-preview:-1\" \/>\n<link rel=\"canonical\" href=\"https:\/\/selvagemciclo.org.br\/en\/o-senhor-do-quintal\/\" \/>\n<meta property=\"og:locale\" content=\"en_GB\" \/>\n<meta property=\"og:type\" content=\"article\" \/>\n<meta property=\"og:title\" content=\"O SENHOR DO QUINTAL - Selvagem\" \/>\n<meta property=\"og:description\" content=\"O SENHOR DO QUINTAL Veronica Pinheiro 27 de agosto de 2024 &nbsp; Os quintais que conheci eram regidos por senhoras. As senhoras dos quintais. Cresci sem um quintal para chamar de meu. No entanto, imergia semanalmente no quintal de Dona Irene, minha av\u00f3. Um quintal cheio de plantas, \u00e1rvores e \u00e1gua. Planta para comer, para banhar, fazer ch\u00e1, para benzer e para enfeitar os olhos. Quintais s\u00e3o lugares suspensos, onde se brinca de ser at\u00e9 chegar a hora de ser. Assim como eu, a maioria de meus pequenos companheiros nessa jornada de despertamento de mem\u00f3rias na Favela da Pedreira n\u00e3o tem um quintal em casa. Andando por quilombos e aldeias fico pensando sobre quintais, terreiros e a aus\u00eancia de lugares comunit\u00e1rios em espa\u00e7os urbanos perif\u00e9ricos. A aus\u00eancia desses espa\u00e7os de brincar influencia no sentido comunit\u00e1rio, pois, quando os seres brincam, representam o mundo em sua volta e os mundos que carregam nas mem\u00f3rias. Brincando, o passado e o presente s\u00e3o...\" \/>\n<meta property=\"og:url\" content=\"https:\/\/selvagemciclo.org.br\/en\/o-senhor-do-quintal\/\" \/>\n<meta property=\"og:site_name\" content=\"Selvagem\" \/>\n<meta property=\"article:published_time\" content=\"2024-08-27T18:35:21+00:00\" \/>\n<meta property=\"article:modified_time\" content=\"2025-11-27T15:45:29+00:00\" \/>\n<meta property=\"og:image\" content=\"https:\/\/selvagemciclo.org.br\/wp-content\/uploads\/2024\/08\/IMG_9799.jpg\" \/>\n\t<meta property=\"og:image:width\" content=\"1050\" \/>\n\t<meta property=\"og:image:height\" content=\"700\" \/>\n\t<meta property=\"og:image:type\" content=\"image\/jpeg\" \/>\n<meta name=\"author\" content=\"selvagem\" \/>\n<meta name=\"twitter:card\" content=\"summary_large_image\" \/>\n<meta name=\"twitter:label1\" content=\"Written by\" \/>\n\t<meta name=\"twitter:data1\" content=\"selvagem\" \/>\n\t<meta name=\"twitter:label2\" content=\"Estimated reading time\" \/>\n\t<meta name=\"twitter:data2\" content=\"7 minutes\" \/>\n<script type=\"application\/ld+json\" class=\"yoast-schema-graph\">{\"@context\":\"https:\/\/schema.org\",\"@graph\":[{\"@type\":\"Article\",\"@id\":\"https:\/\/selvagemciclo.org.br\/o-senhor-do-quintal\/#article\",\"isPartOf\":{\"@id\":\"https:\/\/selvagemciclo.org.br\/o-senhor-do-quintal\/\"},\"author\":{\"name\":\"selvagem\",\"@id\":\"https:\/\/selvagemciclo.org.br\/#\/schema\/person\/5186b4c87114fbf24b65701276b72b11\"},\"headline\":\"O SENHOR DO QUINTAL\",\"datePublished\":\"2024-08-27T18:35:21+00:00\",\"dateModified\":\"2025-11-27T15:45:29+00:00\",\"mainEntityOfPage\":{\"@id\":\"https:\/\/selvagemciclo.org.br\/o-senhor-do-quintal\/\"},\"wordCount\":1331,\"publisher\":{\"@id\":\"https:\/\/selvagemciclo.org.br\/#organization\"},\"image\":{\"@id\":\"https:\/\/selvagemciclo.org.br\/o-senhor-do-quintal\/#primaryimage\"},\"thumbnailUrl\":\"https:\/\/selvagemciclo.org.br\/wp-content\/uploads\/2024\/08\/IMG_9799.jpg\",\"articleSection\":[\"Di\u00e1rio Veronica Pinheiro\"],\"inLanguage\":\"en-GB\"},{\"@type\":\"WebPage\",\"@id\":\"https:\/\/selvagemciclo.org.br\/o-senhor-do-quintal\/\",\"url\":\"https:\/\/selvagemciclo.org.br\/o-senhor-do-quintal\/\",\"name\":\"O SENHOR DO QUINTAL - Selvagem\",\"isPartOf\":{\"@id\":\"https:\/\/selvagemciclo.org.br\/#website\"},\"primaryImageOfPage\":{\"@id\":\"https:\/\/selvagemciclo.org.br\/o-senhor-do-quintal\/#primaryimage\"},\"image\":{\"@id\":\"https:\/\/selvagemciclo.org.br\/o-senhor-do-quintal\/#primaryimage\"},\"thumbnailUrl\":\"https:\/\/selvagemciclo.org.br\/wp-content\/uploads\/2024\/08\/IMG_9799.jpg\",\"datePublished\":\"2024-08-27T18:35:21+00:00\",\"dateModified\":\"2025-11-27T15:45:29+00:00\",\"breadcrumb\":{\"@id\":\"https:\/\/selvagemciclo.org.br\/o-senhor-do-quintal\/#breadcrumb\"},\"inLanguage\":\"en-GB\",\"potentialAction\":[{\"@type\":\"ReadAction\",\"target\":[\"https:\/\/selvagemciclo.org.br\/o-senhor-do-quintal\/\"]}]},{\"@type\":\"ImageObject\",\"inLanguage\":\"en-GB\",\"@id\":\"https:\/\/selvagemciclo.org.br\/o-senhor-do-quintal\/#primaryimage\",\"url\":\"https:\/\/selvagemciclo.org.br\/wp-content\/uploads\/2024\/08\/IMG_9799.jpg\",\"contentUrl\":\"https:\/\/selvagemciclo.org.br\/wp-content\/uploads\/2024\/08\/IMG_9799.jpg\",\"width\":1050,\"height\":700},{\"@type\":\"BreadcrumbList\",\"@id\":\"https:\/\/selvagemciclo.org.br\/o-senhor-do-quintal\/#breadcrumb\",\"itemListElement\":[{\"@type\":\"ListItem\",\"position\":1,\"name\":\"In\u00edcio\",\"item\":\"https:\/\/selvagemciclo.org.br\/\"},{\"@type\":\"ListItem\",\"position\":2,\"name\":\"O SENHOR DO QUINTAL\"}]},{\"@type\":\"WebSite\",\"@id\":\"https:\/\/selvagemciclo.org.br\/#website\",\"url\":\"https:\/\/selvagemciclo.org.br\/\",\"name\":\"Selvagem\",\"description\":\"Ciclo de estudos sobre a vida\",\"publisher\":{\"@id\":\"https:\/\/selvagemciclo.org.br\/#organization\"},\"potentialAction\":[{\"@type\":\"SearchAction\",\"target\":{\"@type\":\"EntryPoint\",\"urlTemplate\":\"https:\/\/selvagemciclo.org.br\/?s={search_term_string}\"},\"query-input\":{\"@type\":\"PropertyValueSpecification\",\"valueRequired\":true,\"valueName\":\"search_term_string\"}}],\"inLanguage\":\"en-GB\"},{\"@type\":\"Organization\",\"@id\":\"https:\/\/selvagemciclo.org.br\/#organization\",\"name\":\"Selvagem\",\"url\":\"https:\/\/selvagemciclo.org.br\/\",\"logo\":{\"@type\":\"ImageObject\",\"inLanguage\":\"en-GB\",\"@id\":\"https:\/\/selvagemciclo.org.br\/#\/schema\/logo\/image\/\",\"url\":\"https:\/\/selvagemciclo.org.br\/wp-content\/uploads\/2026\/01\/cropped-ICONE_SELVAGEM_2026-1.png\",\"contentUrl\":\"https:\/\/selvagemciclo.org.br\/wp-content\/uploads\/2026\/01\/cropped-ICONE_SELVAGEM_2026-1.png\",\"width\":512,\"height\":512,\"caption\":\"Selvagem\"},\"image\":{\"@id\":\"https:\/\/selvagemciclo.org.br\/#\/schema\/logo\/image\/\"},\"sameAs\":[\"https:\/\/www.instagram.com\/selvagem_ciclodeestudos\/\",\"https:\/\/www.youtube.com\/@selvagemciclo8\"]},{\"@type\":\"Person\",\"@id\":\"https:\/\/selvagemciclo.org.br\/#\/schema\/person\/5186b4c87114fbf24b65701276b72b11\",\"name\":\"selvagem\",\"image\":{\"@type\":\"ImageObject\",\"inLanguage\":\"en-GB\",\"@id\":\"https:\/\/selvagemciclo.org.br\/#\/schema\/person\/image\/\",\"url\":\"https:\/\/secure.gravatar.com\/avatar\/ea7feba38ee72ae7ccbdc3dbd40b8ec0ea84bdc8282d84ee0fbe16d75671522c?s=96&d=mm&r=g\",\"contentUrl\":\"https:\/\/secure.gravatar.com\/avatar\/ea7feba38ee72ae7ccbdc3dbd40b8ec0ea84bdc8282d84ee0fbe16d75671522c?s=96&d=mm&r=g\",\"caption\":\"selvagem\"},\"url\":\"https:\/\/selvagemciclo.org.br\/en\/author\/selvagem\/\"}]}<\/script>\n<!-- \/ Yoast SEO plugin. -->","yoast_head_json":{"title":"O SENHOR DO QUINTAL - Selvagem","robots":{"index":"index","follow":"follow","max-snippet":"max-snippet:-1","max-image-preview":"max-image-preview:large","max-video-preview":"max-video-preview:-1"},"canonical":"https:\/\/selvagemciclo.org.br\/en\/o-senhor-do-quintal\/","og_locale":"en_GB","og_type":"article","og_title":"O SENHOR DO QUINTAL - Selvagem","og_description":"O SENHOR DO QUINTAL Veronica Pinheiro 27 de agosto de 2024 &nbsp; Os quintais que conheci eram regidos por senhoras. As senhoras dos quintais. Cresci sem um quintal para chamar de meu. No entanto, imergia semanalmente no quintal de Dona Irene, minha av\u00f3. Um quintal cheio de plantas, \u00e1rvores e \u00e1gua. Planta para comer, para banhar, fazer ch\u00e1, para benzer e para enfeitar os olhos. Quintais s\u00e3o lugares suspensos, onde se brinca de ser at\u00e9 chegar a hora de ser. Assim como eu, a maioria de meus pequenos companheiros nessa jornada de despertamento de mem\u00f3rias na Favela da Pedreira n\u00e3o tem um quintal em casa. Andando por quilombos e aldeias fico pensando sobre quintais, terreiros e a aus\u00eancia de lugares comunit\u00e1rios em espa\u00e7os urbanos perif\u00e9ricos. A aus\u00eancia desses espa\u00e7os de brincar influencia no sentido comunit\u00e1rio, pois, quando os seres brincam, representam o mundo em sua volta e os mundos que carregam nas mem\u00f3rias. Brincando, o passado e o presente s\u00e3o...","og_url":"https:\/\/selvagemciclo.org.br\/en\/o-senhor-do-quintal\/","og_site_name":"Selvagem","article_published_time":"2024-08-27T18:35:21+00:00","article_modified_time":"2025-11-27T15:45:29+00:00","og_image":[{"width":1050,"height":700,"url":"https:\/\/selvagemciclo.org.br\/wp-content\/uploads\/2024\/08\/IMG_9799.jpg","type":"image\/jpeg"}],"author":"selvagem","twitter_card":"summary_large_image","twitter_misc":{"Written by":"selvagem","Estimated reading time":"7 minutes"},"schema":{"@context":"https:\/\/schema.org","@graph":[{"@type":"Article","@id":"https:\/\/selvagemciclo.org.br\/o-senhor-do-quintal\/#article","isPartOf":{"@id":"https:\/\/selvagemciclo.org.br\/o-senhor-do-quintal\/"},"author":{"name":"selvagem","@id":"https:\/\/selvagemciclo.org.br\/#\/schema\/person\/5186b4c87114fbf24b65701276b72b11"},"headline":"O SENHOR DO QUINTAL","datePublished":"2024-08-27T18:35:21+00:00","dateModified":"2025-11-27T15:45:29+00:00","mainEntityOfPage":{"@id":"https:\/\/selvagemciclo.org.br\/o-senhor-do-quintal\/"},"wordCount":1331,"publisher":{"@id":"https:\/\/selvagemciclo.org.br\/#organization"},"image":{"@id":"https:\/\/selvagemciclo.org.br\/o-senhor-do-quintal\/#primaryimage"},"thumbnailUrl":"https:\/\/selvagemciclo.org.br\/wp-content\/uploads\/2024\/08\/IMG_9799.jpg","articleSection":["Di\u00e1rio Veronica Pinheiro"],"inLanguage":"en-GB"},{"@type":"WebPage","@id":"https:\/\/selvagemciclo.org.br\/o-senhor-do-quintal\/","url":"https:\/\/selvagemciclo.org.br\/o-senhor-do-quintal\/","name":"O SENHOR DO QUINTAL - Selvagem","isPartOf":{"@id":"https:\/\/selvagemciclo.org.br\/#website"},"primaryImageOfPage":{"@id":"https:\/\/selvagemciclo.org.br\/o-senhor-do-quintal\/#primaryimage"},"image":{"@id":"https:\/\/selvagemciclo.org.br\/o-senhor-do-quintal\/#primaryimage"},"thumbnailUrl":"https:\/\/selvagemciclo.org.br\/wp-content\/uploads\/2024\/08\/IMG_9799.jpg","datePublished":"2024-08-27T18:35:21+00:00","dateModified":"2025-11-27T15:45:29+00:00","breadcrumb":{"@id":"https:\/\/selvagemciclo.org.br\/o-senhor-do-quintal\/#breadcrumb"},"inLanguage":"en-GB","potentialAction":[{"@type":"ReadAction","target":["https:\/\/selvagemciclo.org.br\/o-senhor-do-quintal\/"]}]},{"@type":"ImageObject","inLanguage":"en-GB","@id":"https:\/\/selvagemciclo.org.br\/o-senhor-do-quintal\/#primaryimage","url":"https:\/\/selvagemciclo.org.br\/wp-content\/uploads\/2024\/08\/IMG_9799.jpg","contentUrl":"https:\/\/selvagemciclo.org.br\/wp-content\/uploads\/2024\/08\/IMG_9799.jpg","width":1050,"height":700},{"@type":"BreadcrumbList","@id":"https:\/\/selvagemciclo.org.br\/o-senhor-do-quintal\/#breadcrumb","itemListElement":[{"@type":"ListItem","position":1,"name":"In\u00edcio","item":"https:\/\/selvagemciclo.org.br\/"},{"@type":"ListItem","position":2,"name":"O SENHOR DO QUINTAL"}]},{"@type":"WebSite","@id":"https:\/\/selvagemciclo.org.br\/#website","url":"https:\/\/selvagemciclo.org.br\/","name":"Selvagem","description":"Ciclo de estudos sobre a vida","publisher":{"@id":"https:\/\/selvagemciclo.org.br\/#organization"},"potentialAction":[{"@type":"SearchAction","target":{"@type":"EntryPoint","urlTemplate":"https:\/\/selvagemciclo.org.br\/?s={search_term_string}"},"query-input":{"@type":"PropertyValueSpecification","valueRequired":true,"valueName":"search_term_string"}}],"inLanguage":"en-GB"},{"@type":"Organization","@id":"https:\/\/selvagemciclo.org.br\/#organization","name":"Selvagem","url":"https:\/\/selvagemciclo.org.br\/","logo":{"@type":"ImageObject","inLanguage":"en-GB","@id":"https:\/\/selvagemciclo.org.br\/#\/schema\/logo\/image\/","url":"https:\/\/selvagemciclo.org.br\/wp-content\/uploads\/2026\/01\/cropped-ICONE_SELVAGEM_2026-1.png","contentUrl":"https:\/\/selvagemciclo.org.br\/wp-content\/uploads\/2026\/01\/cropped-ICONE_SELVAGEM_2026-1.png","width":512,"height":512,"caption":"Selvagem"},"image":{"@id":"https:\/\/selvagemciclo.org.br\/#\/schema\/logo\/image\/"},"sameAs":["https:\/\/www.instagram.com\/selvagem_ciclodeestudos\/","https:\/\/www.youtube.com\/@selvagemciclo8"]},{"@type":"Person","@id":"https:\/\/selvagemciclo.org.br\/#\/schema\/person\/5186b4c87114fbf24b65701276b72b11","name":"selvagem","image":{"@type":"ImageObject","inLanguage":"en-GB","@id":"https:\/\/selvagemciclo.org.br\/#\/schema\/person\/image\/","url":"https:\/\/secure.gravatar.com\/avatar\/ea7feba38ee72ae7ccbdc3dbd40b8ec0ea84bdc8282d84ee0fbe16d75671522c?s=96&d=mm&r=g","contentUrl":"https:\/\/secure.gravatar.com\/avatar\/ea7feba38ee72ae7ccbdc3dbd40b8ec0ea84bdc8282d84ee0fbe16d75671522c?s=96&d=mm&r=g","caption":"selvagem"},"url":"https:\/\/selvagemciclo.org.br\/en\/author\/selvagem\/"}]}},"_links":{"self":[{"href":"https:\/\/selvagemciclo.org.br\/en\/wp-json\/wp\/v2\/posts\/8097","targetHints":{"allow":["GET"]}}],"collection":[{"href":"https:\/\/selvagemciclo.org.br\/en\/wp-json\/wp\/v2\/posts"}],"about":[{"href":"https:\/\/selvagemciclo.org.br\/en\/wp-json\/wp\/v2\/types\/post"}],"author":[{"embeddable":true,"href":"https:\/\/selvagemciclo.org.br\/en\/wp-json\/wp\/v2\/users\/2"}],"replies":[{"embeddable":true,"href":"https:\/\/selvagemciclo.org.br\/en\/wp-json\/wp\/v2\/comments?post=8097"}],"version-history":[{"count":2,"href":"https:\/\/selvagemciclo.org.br\/en\/wp-json\/wp\/v2\/posts\/8097\/revisions"}],"predecessor-version":[{"id":9809,"href":"https:\/\/selvagemciclo.org.br\/en\/wp-json\/wp\/v2\/posts\/8097\/revisions\/9809"}],"wp:featuredmedia":[{"embeddable":true,"href":"https:\/\/selvagemciclo.org.br\/en\/wp-json\/wp\/v2\/media\/4857"}],"wp:attachment":[{"href":"https:\/\/selvagemciclo.org.br\/en\/wp-json\/wp\/v2\/media?parent=8097"}],"wp:term":[{"taxonomy":"category","embeddable":true,"href":"https:\/\/selvagemciclo.org.br\/en\/wp-json\/wp\/v2\/categories?post=8097"},{"taxonomy":"post_tag","embeddable":true,"href":"https:\/\/selvagemciclo.org.br\/en\/wp-json\/wp\/v2\/tags?post=8097"}],"curies":[{"name":"wp","href":"https:\/\/api.w.org\/{rel}","templated":true}]}}