{"id":7772,"date":"2025-05-29T14:30:09","date_gmt":"2025-05-29T17:30:09","guid":{"rendered":"https:\/\/selvagemciclo.org.br\/?p=7772"},"modified":"2025-11-27T12:29:24","modified_gmt":"2025-11-27T15:29:24","slug":"agora-eu-sei-o-que-e-natureza","status":"publish","type":"post","link":"https:\/\/selvagemciclo.org.br\/en\/agora-eu-sei-o-que-e-natureza\/","title":{"rendered":"NOW I KNOW WHAT NATURE IS"},"content":{"rendered":"<h5 style=\"text-align: center;\">NOW I KNOW WHAT NATURE IS<\/h5>\n<h5 style=\"text-align: center;\">Veronica Pinheiro<\/h5>\n<p style=\"text-align: center;\">29 May 2025<\/p>\n<p>&nbsp;<\/p>\n<p><img loading=\"lazy\" decoding=\"async\" class=\"aligncenter wp-image-7584\" src=\"https:\/\/selvagemciclo.org.br\/wp-content\/uploads\/2025\/05\/cabeca_planta_IMG_4646_bx-300x200.jpg\" sizes=\"auto, (max-width: 800px) 100vw, 800px\" srcset=\"https:\/\/selvagemciclo.org.br\/wp-content\/uploads\/2025\/05\/cabeca_planta_IMG_4646_bx-300x200.jpg 300w, https:\/\/selvagemciclo.org.br\/wp-content\/uploads\/2025\/05\/cabeca_planta_IMG_4646_bx-768x512.jpg 768w, https:\/\/selvagemciclo.org.br\/wp-content\/uploads\/2025\/05\/cabeca_planta_IMG_4646_bx-18x12.jpg 18w, https:\/\/selvagemciclo.org.br\/wp-content\/uploads\/2025\/05\/cabeca_planta_IMG_4646_bx.jpg 800w\" alt=\"\" width=\"800\" height=\"533\" \/><\/p>\n<p>\u2018Now I know what nature is!\u2019 \u2013 said Giovanna, 9. The girl spends her days in silence. She always has a slight smile in the corner of her mouth. She usually breaks the silence to complain about the noise the other children make. She is hardly ever seen in the company of other children. Most of the time, Giovanna is looking inward. When she looks outward, she smiles slightly with the corner of her mouth. Her voice is firm, slightly hoarse; her words are assertive, slightly harsh. But the smile on the corner of her mouth is like a flower. Giovanna does not write, but she says a lot in her drawings. She draws, and boy does she draw! One day she was sad because she couldn't write a poem about friendship. \u2018I don't know how to write. Can I draw?\u2019<\/p>\n<p>Last Wednesday Giovanna's class, a 3rd grade elementary school class, participated in the\u00a0<b>Life on Earth<\/b>.\u00a0\u201cVamos plantar floresta!\u201d Essa era a chamada inicial. Vida na Terra tamb\u00e9m \u00e9 o nome de uma se\u00e7\u00e3o no Caderno PINGO \u2013 O Sol atravessa tudo. A oficina \u00e9 um desdobramento dos di\u00e1logos estabelecidos com as crian\u00e7as a partir do Pingo, na Escola Municipal Professor Escragnolle D\u00f3ria. \u201cUma escola verde, tia?\u201d \u201cPode ter flores, pra ser colorida tamb\u00e9m?\u201d \u201cPode ter planta que come e faz ch\u00e1 tamb\u00e9m?\u201d \u201cE se o caramujo comer tudo de novo?\u201d Os caramujos comeram toda a horta que plantamos em 2024. A partir disso, pudemos conversar sobre equil\u00edbrio, sobre alimento, sobre as vidas que habitam e coexistem no espa\u00e7o escolar.<\/p>\n<p><img loading=\"lazy\" decoding=\"async\" class=\"aligncenter wp-image-7585\" src=\"https:\/\/selvagemciclo.org.br\/wp-content\/uploads\/2025\/05\/mosaico-1024x681.png\" sizes=\"auto, (max-width: 1353px) 100vw, 1353px\" srcset=\"https:\/\/selvagemciclo.org.br\/wp-content\/uploads\/2025\/05\/mosaico-1024x681.png 1024w, https:\/\/selvagemciclo.org.br\/wp-content\/uploads\/2025\/05\/mosaico-300x199.png 300w, https:\/\/selvagemciclo.org.br\/wp-content\/uploads\/2025\/05\/mosaico-768x511.png 768w, https:\/\/selvagemciclo.org.br\/wp-content\/uploads\/2025\/05\/mosaico-1536x1021.png 1536w, https:\/\/selvagemciclo.org.br\/wp-content\/uploads\/2025\/05\/mosaico-18x12.png 18w, https:\/\/selvagemciclo.org.br\/wp-content\/uploads\/2025\/05\/mosaico.png 1614w\" alt=\"\" width=\"1353\" height=\"899\" \/><\/p>\n<p>Once the children were heard, the workshop was organised so that the first day of planting at the school in 2025 would have leaves, flowers and fruits. The agreement was to \u2018plant circles\u2019, forming circular beds around a Nhe'\u00ebry fruit tree. A mandala garden. The mandala garden blooms in circles, where each plant finds its place in sync with the earth. This model is quite common in permaculture projects, which seek agriculture that is more integrated with natural cycles, with less environmental impact and greater efficiency.<\/p>\n<p>Dreaming volunteers who plant seedlings and worlds were present on the day of the workshop. Among them were Amilton Pinheiro, Ot\u00e1vio Ferreira, Taiana Sim\u00f5es, and Carol Delgado. Amilton had never planted a tree, but he had cut down a few, and he was learning alongside the children. Ot\u00e1vio is a man of the land, who plants to feed the stomachs and dreams of his community. Taiana is a skilled planter, a biologist by training, with extensive experience in planting and schools. Carol plants smiles, dreams and worlds. She also plants photographic records. What the four have in common is the smile and gaze of a child who loves life.<\/p>\n<p>The day started with Amilton picking up the seedlings before the sun came up. At school, he met Ot\u00e1vio; together, they were responsible for making the circular beds that would receive the seedlings and the compost bin. Taiana arrived with the kids, telling them about Odu Obar\u00e1, who did his best when he was given a task. The conversation with the little ones was short because it was time to plant seedlings. The little ones were divided into groups, and in each group everyone had a role: some took care of the tools, some took care of the seedlings, and some took care of the water for the plants and the people. Everyone took care of everyone else, and they also cared for the worms that were exposed while digging the holes, keeping them alive. Giovanna walked among the groups and did not stay with any of them. She watched the planting of the beds while holding a vase of thyme.<\/p>\n<p><img loading=\"lazy\" decoding=\"async\" class=\"aligncenter wp-image-7587\" src=\"https:\/\/selvagemciclo.org.br\/wp-content\/uploads\/2025\/05\/plantando2-300x100.png\" sizes=\"auto, (max-width: 1353px) 100vw, 1353px\" srcset=\"https:\/\/selvagemciclo.org.br\/wp-content\/uploads\/2025\/05\/plantando2-300x100.png 300w, https:\/\/selvagemciclo.org.br\/wp-content\/uploads\/2025\/05\/plantando2-1024x340.png 1024w, https:\/\/selvagemciclo.org.br\/wp-content\/uploads\/2025\/05\/plantando2-768x255.png 768w, https:\/\/selvagemciclo.org.br\/wp-content\/uploads\/2025\/05\/plantando2-1536x511.png 1536w, https:\/\/selvagemciclo.org.br\/wp-content\/uploads\/2025\/05\/plantando2-18x6.png 18w, https:\/\/selvagemciclo.org.br\/wp-content\/uploads\/2025\/05\/plantando2.png 1606w\" alt=\"\" width=\"1353\" height=\"450\" \/><\/p>\n<p>At the end of the planting, the girl, who spends her days in silence, said: \u2018Now I know what nature is.\u2019 Most of her classmates had already returned to the classroom. \u2018Yes, now I know what nature is!\u2019 Realising that she was being watched, without letting go of the thyme, she spoke again:<\/p>\n<p>'Nature is everyone together, treading carefully so as not to kill those who live on the soil. Nature is touching things gently so as not to hurt the plants or hurt our hands with tools. Nature is staying calm in the hot Sun. Nature is caring so that everything keeps on living.'<\/p>\n<p>Many other things were said by Giovanna at that moment when she broke her silence. Part of what was said was recorded in a short video.<\/p>\n<p>Giovanna's words watered the eyes and hearts of those present. Hugging a pot of thyme, she learned to calm herself in the warm Sun. She learned with her body and created memories with the body of the Earth. \u201cNow I know.\u201d In the relationship, observing other bodies, she finds words. While the children planted in a circle, Giovanna watched the round dance of bodies. The body of the Earth, open and partially exposed. The delicate body of the earthworm, easily broken by contact with the body of the tool. The bodies of people crouching without avoiding contact with the ground. The body of the plant giving off aromas, colouring the day. Sun, a celestial body, traversing everything and everyone. Without traversing, there is no life.<\/p>\n<p>Life happens through traversings.<\/p>\n<p><img loading=\"lazy\" decoding=\"async\" class=\"aligncenter wp-image-7586\" src=\"https:\/\/selvagemciclo.org.br\/wp-content\/uploads\/2025\/05\/regador_sol_plantando_bx-300x112.png\" sizes=\"auto, (max-width: 1208px) 100vw, 1208px\" srcset=\"https:\/\/selvagemciclo.org.br\/wp-content\/uploads\/2025\/05\/regador_sol_plantando_bx-300x112.png 300w, https:\/\/selvagemciclo.org.br\/wp-content\/uploads\/2025\/05\/regador_sol_plantando_bx-1024x381.png 1024w, https:\/\/selvagemciclo.org.br\/wp-content\/uploads\/2025\/05\/regador_sol_plantando_bx-768x286.png 768w, https:\/\/selvagemciclo.org.br\/wp-content\/uploads\/2025\/05\/regador_sol_plantando_bx-1536x572.png 1536w, https:\/\/selvagemciclo.org.br\/wp-content\/uploads\/2025\/05\/regador_sol_plantando_bx-18x7.png 18w, https:\/\/selvagemciclo.org.br\/wp-content\/uploads\/2025\/05\/regador_sol_plantando_bx.png 1611w\" alt=\"\" width=\"1208\" height=\"450\" \/><\/p>","protected":false},"excerpt":{"rendered":"<p>AGORA EU SEI O QUE \u00c9 NATUREZA Veronica Pinheiro 29 de maio de 2025 &nbsp; \u201cAgora eu sei o que \u00e9 natureza!\u201d, disse Giovanna, 9 anos. A menina passa os dias calada. Traz sempre um sorriso leve no canto da boca. Geralmente rompe o sil\u00eancio para reclamar do barulho que as outras crian\u00e7as fazem. Quase n\u00e3o \u00e9 vista na companhia de outras crian\u00e7as. Na maioria do tempo, Giovanna est\u00e1 olhando para dentro. E quando olha para fora, sorri um sorriso de canto de boca. Sua voz \u00e9 firme, levemente rouca; suas palavras s\u00e3o assertivas, levemente r\u00edspidas. Mas seu sorriso de canto de boca \u00e9 como flor. Giovanna n\u00e3o escreve, mas diz muito em seus desenhos. Ela desenha, e como desenha! Um dia ela estava triste porque n\u00e3o conseguiu escrever um poema sobre amizade. \u201cEu n\u00e3o sei escrever. Posso desenhar?\u201d Na \u00faltima quarta-feira, a turma de Giovanna, uma turma do 3\u00ba ano de Ensino Fundamental,\u00a0 participou da oficina\u00a0Vida na Terra.\u00a0\u201cVamos plantar&#8230;<\/p>","protected":false},"author":2,"featured_media":7584,"comment_status":"closed","ping_status":"closed","sticky":false,"template":"","format":"standard","meta":{"_acf_changed":false,"footnotes":""},"categories":[57],"tags":[],"class_list":["post-7772","post","type-post","status-publish","format-standard","has-post-thumbnail","category-diario-veronica-pinheiro"],"acf":[],"yoast_head":"<!-- This site is optimized with the Yoast SEO plugin v27.1.1 - https:\/\/yoast.com\/product\/yoast-seo-wordpress\/ -->\n<title>AGORA EU SEI O QUE \u00c9 NATUREZA - Selvagem<\/title>\n<meta name=\"robots\" content=\"index, follow, max-snippet:-1, max-image-preview:large, max-video-preview:-1\" \/>\n<link rel=\"canonical\" href=\"https:\/\/selvagemciclo.org.br\/en\/agora-eu-sei-o-que-e-natureza\/\" \/>\n<meta property=\"og:locale\" content=\"en_GB\" \/>\n<meta property=\"og:type\" content=\"article\" \/>\n<meta property=\"og:title\" content=\"AGORA EU SEI O QUE \u00c9 NATUREZA - Selvagem\" \/>\n<meta property=\"og:description\" content=\"AGORA EU SEI O QUE \u00c9 NATUREZA Veronica Pinheiro 29 de maio de 2025 &nbsp; \u201cAgora eu sei o que \u00e9 natureza!\u201d, disse Giovanna, 9 anos. A menina passa os dias calada. Traz sempre um sorriso leve no canto da boca. Geralmente rompe o sil\u00eancio para reclamar do barulho que as outras crian\u00e7as fazem. Quase n\u00e3o \u00e9 vista na companhia de outras crian\u00e7as. Na maioria do tempo, Giovanna est\u00e1 olhando para dentro. E quando olha para fora, sorri um sorriso de canto de boca. Sua voz \u00e9 firme, levemente rouca; suas palavras s\u00e3o assertivas, levemente r\u00edspidas. Mas seu sorriso de canto de boca \u00e9 como flor. Giovanna n\u00e3o escreve, mas diz muito em seus desenhos. Ela desenha, e como desenha! Um dia ela estava triste porque n\u00e3o conseguiu escrever um poema sobre amizade. \u201cEu n\u00e3o sei escrever. Posso desenhar?\u201d Na \u00faltima quarta-feira, a turma de Giovanna, uma turma do 3\u00ba ano de Ensino Fundamental,\u00a0 participou da oficina\u00a0Vida na Terra.\u00a0\u201cVamos plantar...\" \/>\n<meta property=\"og:url\" content=\"https:\/\/selvagemciclo.org.br\/en\/agora-eu-sei-o-que-e-natureza\/\" \/>\n<meta property=\"og:site_name\" content=\"Selvagem\" \/>\n<meta property=\"article:published_time\" content=\"2025-05-29T17:30:09+00:00\" \/>\n<meta property=\"article:modified_time\" content=\"2025-11-27T15:29:24+00:00\" \/>\n<meta property=\"og:image\" content=\"https:\/\/selvagemciclo.org.br\/wp-content\/uploads\/2025\/05\/cabeca_planta_IMG_4646_bx.jpg\" \/>\n\t<meta property=\"og:image:width\" content=\"800\" \/>\n\t<meta property=\"og:image:height\" content=\"533\" \/>\n\t<meta property=\"og:image:type\" content=\"image\/jpeg\" \/>\n<meta name=\"author\" content=\"selvagem\" \/>\n<meta name=\"twitter:card\" content=\"summary_large_image\" \/>\n<meta name=\"twitter:label1\" content=\"Written by\" \/>\n\t<meta name=\"twitter:data1\" content=\"selvagem\" \/>\n\t<meta name=\"twitter:label2\" content=\"Estimated reading time\" \/>\n\t<meta name=\"twitter:data2\" content=\"4 minutes\" \/>\n<script type=\"application\/ld+json\" class=\"yoast-schema-graph\">{\"@context\":\"https:\/\/schema.org\",\"@graph\":[{\"@type\":\"Article\",\"@id\":\"https:\/\/selvagemciclo.org.br\/agora-eu-sei-o-que-e-natureza\/#article\",\"isPartOf\":{\"@id\":\"https:\/\/selvagemciclo.org.br\/agora-eu-sei-o-que-e-natureza\/\"},\"author\":{\"name\":\"selvagem\",\"@id\":\"https:\/\/selvagemciclo.org.br\/#\/schema\/person\/5186b4c87114fbf24b65701276b72b11\"},\"headline\":\"AGORA EU SEI O QUE \u00c9 NATUREZA\",\"datePublished\":\"2025-05-29T17:30:09+00:00\",\"dateModified\":\"2025-11-27T15:29:24+00:00\",\"mainEntityOfPage\":{\"@id\":\"https:\/\/selvagemciclo.org.br\/agora-eu-sei-o-que-e-natureza\/\"},\"wordCount\":867,\"publisher\":{\"@id\":\"https:\/\/selvagemciclo.org.br\/#organization\"},\"image\":{\"@id\":\"https:\/\/selvagemciclo.org.br\/agora-eu-sei-o-que-e-natureza\/#primaryimage\"},\"thumbnailUrl\":\"https:\/\/selvagemciclo.org.br\/wp-content\/uploads\/2025\/05\/cabeca_planta_IMG_4646_bx.jpg\",\"articleSection\":[\"Di\u00e1rio Veronica Pinheiro\"],\"inLanguage\":\"en-GB\"},{\"@type\":\"WebPage\",\"@id\":\"https:\/\/selvagemciclo.org.br\/agora-eu-sei-o-que-e-natureza\/\",\"url\":\"https:\/\/selvagemciclo.org.br\/agora-eu-sei-o-que-e-natureza\/\",\"name\":\"AGORA EU SEI O QUE \u00c9 NATUREZA - Selvagem\",\"isPartOf\":{\"@id\":\"https:\/\/selvagemciclo.org.br\/#website\"},\"primaryImageOfPage\":{\"@id\":\"https:\/\/selvagemciclo.org.br\/agora-eu-sei-o-que-e-natureza\/#primaryimage\"},\"image\":{\"@id\":\"https:\/\/selvagemciclo.org.br\/agora-eu-sei-o-que-e-natureza\/#primaryimage\"},\"thumbnailUrl\":\"https:\/\/selvagemciclo.org.br\/wp-content\/uploads\/2025\/05\/cabeca_planta_IMG_4646_bx.jpg\",\"datePublished\":\"2025-05-29T17:30:09+00:00\",\"dateModified\":\"2025-11-27T15:29:24+00:00\",\"breadcrumb\":{\"@id\":\"https:\/\/selvagemciclo.org.br\/agora-eu-sei-o-que-e-natureza\/#breadcrumb\"},\"inLanguage\":\"en-GB\",\"potentialAction\":[{\"@type\":\"ReadAction\",\"target\":[\"https:\/\/selvagemciclo.org.br\/agora-eu-sei-o-que-e-natureza\/\"]}]},{\"@type\":\"ImageObject\",\"inLanguage\":\"en-GB\",\"@id\":\"https:\/\/selvagemciclo.org.br\/agora-eu-sei-o-que-e-natureza\/#primaryimage\",\"url\":\"https:\/\/selvagemciclo.org.br\/wp-content\/uploads\/2025\/05\/cabeca_planta_IMG_4646_bx.jpg\",\"contentUrl\":\"https:\/\/selvagemciclo.org.br\/wp-content\/uploads\/2025\/05\/cabeca_planta_IMG_4646_bx.jpg\",\"width\":800,\"height\":533},{\"@type\":\"BreadcrumbList\",\"@id\":\"https:\/\/selvagemciclo.org.br\/agora-eu-sei-o-que-e-natureza\/#breadcrumb\",\"itemListElement\":[{\"@type\":\"ListItem\",\"position\":1,\"name\":\"In\u00edcio\",\"item\":\"https:\/\/selvagemciclo.org.br\/\"},{\"@type\":\"ListItem\",\"position\":2,\"name\":\"AGORA EU SEI O QUE \u00c9 NATUREZA\"}]},{\"@type\":\"WebSite\",\"@id\":\"https:\/\/selvagemciclo.org.br\/#website\",\"url\":\"https:\/\/selvagemciclo.org.br\/\",\"name\":\"Selvagem\",\"description\":\"Ciclo de estudos sobre a vida\",\"publisher\":{\"@id\":\"https:\/\/selvagemciclo.org.br\/#organization\"},\"potentialAction\":[{\"@type\":\"SearchAction\",\"target\":{\"@type\":\"EntryPoint\",\"urlTemplate\":\"https:\/\/selvagemciclo.org.br\/?s={search_term_string}\"},\"query-input\":{\"@type\":\"PropertyValueSpecification\",\"valueRequired\":true,\"valueName\":\"search_term_string\"}}],\"inLanguage\":\"en-GB\"},{\"@type\":\"Organization\",\"@id\":\"https:\/\/selvagemciclo.org.br\/#organization\",\"name\":\"Selvagem\",\"url\":\"https:\/\/selvagemciclo.org.br\/\",\"logo\":{\"@type\":\"ImageObject\",\"inLanguage\":\"en-GB\",\"@id\":\"https:\/\/selvagemciclo.org.br\/#\/schema\/logo\/image\/\",\"url\":\"https:\/\/selvagemciclo.org.br\/wp-content\/uploads\/2026\/01\/cropped-ICONE_SELVAGEM_2026-1.png\",\"contentUrl\":\"https:\/\/selvagemciclo.org.br\/wp-content\/uploads\/2026\/01\/cropped-ICONE_SELVAGEM_2026-1.png\",\"width\":512,\"height\":512,\"caption\":\"Selvagem\"},\"image\":{\"@id\":\"https:\/\/selvagemciclo.org.br\/#\/schema\/logo\/image\/\"},\"sameAs\":[\"https:\/\/www.instagram.com\/selvagem_ciclodeestudos\/\",\"https:\/\/www.youtube.com\/@selvagemciclo8\"]},{\"@type\":\"Person\",\"@id\":\"https:\/\/selvagemciclo.org.br\/#\/schema\/person\/5186b4c87114fbf24b65701276b72b11\",\"name\":\"selvagem\",\"image\":{\"@type\":\"ImageObject\",\"inLanguage\":\"en-GB\",\"@id\":\"https:\/\/selvagemciclo.org.br\/#\/schema\/person\/image\/\",\"url\":\"https:\/\/secure.gravatar.com\/avatar\/ea7feba38ee72ae7ccbdc3dbd40b8ec0ea84bdc8282d84ee0fbe16d75671522c?s=96&d=mm&r=g\",\"contentUrl\":\"https:\/\/secure.gravatar.com\/avatar\/ea7feba38ee72ae7ccbdc3dbd40b8ec0ea84bdc8282d84ee0fbe16d75671522c?s=96&d=mm&r=g\",\"caption\":\"selvagem\"},\"url\":\"https:\/\/selvagemciclo.org.br\/en\/author\/selvagem\/\"}]}<\/script>\n<!-- \/ Yoast SEO plugin. -->","yoast_head_json":{"title":"AGORA EU SEI O QUE \u00c9 NATUREZA - Selvagem","robots":{"index":"index","follow":"follow","max-snippet":"max-snippet:-1","max-image-preview":"max-image-preview:large","max-video-preview":"max-video-preview:-1"},"canonical":"https:\/\/selvagemciclo.org.br\/en\/agora-eu-sei-o-que-e-natureza\/","og_locale":"en_GB","og_type":"article","og_title":"AGORA EU SEI O QUE \u00c9 NATUREZA - Selvagem","og_description":"AGORA EU SEI O QUE \u00c9 NATUREZA Veronica Pinheiro 29 de maio de 2025 &nbsp; \u201cAgora eu sei o que \u00e9 natureza!\u201d, disse Giovanna, 9 anos. A menina passa os dias calada. Traz sempre um sorriso leve no canto da boca. Geralmente rompe o sil\u00eancio para reclamar do barulho que as outras crian\u00e7as fazem. Quase n\u00e3o \u00e9 vista na companhia de outras crian\u00e7as. Na maioria do tempo, Giovanna est\u00e1 olhando para dentro. E quando olha para fora, sorri um sorriso de canto de boca. Sua voz \u00e9 firme, levemente rouca; suas palavras s\u00e3o assertivas, levemente r\u00edspidas. Mas seu sorriso de canto de boca \u00e9 como flor. Giovanna n\u00e3o escreve, mas diz muito em seus desenhos. Ela desenha, e como desenha! Um dia ela estava triste porque n\u00e3o conseguiu escrever um poema sobre amizade. \u201cEu n\u00e3o sei escrever. Posso desenhar?\u201d Na \u00faltima quarta-feira, a turma de Giovanna, uma turma do 3\u00ba ano de Ensino Fundamental,\u00a0 participou da oficina\u00a0Vida na Terra.\u00a0\u201cVamos plantar...","og_url":"https:\/\/selvagemciclo.org.br\/en\/agora-eu-sei-o-que-e-natureza\/","og_site_name":"Selvagem","article_published_time":"2025-05-29T17:30:09+00:00","article_modified_time":"2025-11-27T15:29:24+00:00","og_image":[{"width":800,"height":533,"url":"https:\/\/selvagemciclo.org.br\/wp-content\/uploads\/2025\/05\/cabeca_planta_IMG_4646_bx.jpg","type":"image\/jpeg"}],"author":"selvagem","twitter_card":"summary_large_image","twitter_misc":{"Written by":"selvagem","Estimated reading time":"4 minutes"},"schema":{"@context":"https:\/\/schema.org","@graph":[{"@type":"Article","@id":"https:\/\/selvagemciclo.org.br\/agora-eu-sei-o-que-e-natureza\/#article","isPartOf":{"@id":"https:\/\/selvagemciclo.org.br\/agora-eu-sei-o-que-e-natureza\/"},"author":{"name":"selvagem","@id":"https:\/\/selvagemciclo.org.br\/#\/schema\/person\/5186b4c87114fbf24b65701276b72b11"},"headline":"AGORA EU SEI O QUE \u00c9 NATUREZA","datePublished":"2025-05-29T17:30:09+00:00","dateModified":"2025-11-27T15:29:24+00:00","mainEntityOfPage":{"@id":"https:\/\/selvagemciclo.org.br\/agora-eu-sei-o-que-e-natureza\/"},"wordCount":867,"publisher":{"@id":"https:\/\/selvagemciclo.org.br\/#organization"},"image":{"@id":"https:\/\/selvagemciclo.org.br\/agora-eu-sei-o-que-e-natureza\/#primaryimage"},"thumbnailUrl":"https:\/\/selvagemciclo.org.br\/wp-content\/uploads\/2025\/05\/cabeca_planta_IMG_4646_bx.jpg","articleSection":["Di\u00e1rio Veronica Pinheiro"],"inLanguage":"en-GB"},{"@type":"WebPage","@id":"https:\/\/selvagemciclo.org.br\/agora-eu-sei-o-que-e-natureza\/","url":"https:\/\/selvagemciclo.org.br\/agora-eu-sei-o-que-e-natureza\/","name":"AGORA EU SEI O QUE \u00c9 NATUREZA - Selvagem","isPartOf":{"@id":"https:\/\/selvagemciclo.org.br\/#website"},"primaryImageOfPage":{"@id":"https:\/\/selvagemciclo.org.br\/agora-eu-sei-o-que-e-natureza\/#primaryimage"},"image":{"@id":"https:\/\/selvagemciclo.org.br\/agora-eu-sei-o-que-e-natureza\/#primaryimage"},"thumbnailUrl":"https:\/\/selvagemciclo.org.br\/wp-content\/uploads\/2025\/05\/cabeca_planta_IMG_4646_bx.jpg","datePublished":"2025-05-29T17:30:09+00:00","dateModified":"2025-11-27T15:29:24+00:00","breadcrumb":{"@id":"https:\/\/selvagemciclo.org.br\/agora-eu-sei-o-que-e-natureza\/#breadcrumb"},"inLanguage":"en-GB","potentialAction":[{"@type":"ReadAction","target":["https:\/\/selvagemciclo.org.br\/agora-eu-sei-o-que-e-natureza\/"]}]},{"@type":"ImageObject","inLanguage":"en-GB","@id":"https:\/\/selvagemciclo.org.br\/agora-eu-sei-o-que-e-natureza\/#primaryimage","url":"https:\/\/selvagemciclo.org.br\/wp-content\/uploads\/2025\/05\/cabeca_planta_IMG_4646_bx.jpg","contentUrl":"https:\/\/selvagemciclo.org.br\/wp-content\/uploads\/2025\/05\/cabeca_planta_IMG_4646_bx.jpg","width":800,"height":533},{"@type":"BreadcrumbList","@id":"https:\/\/selvagemciclo.org.br\/agora-eu-sei-o-que-e-natureza\/#breadcrumb","itemListElement":[{"@type":"ListItem","position":1,"name":"In\u00edcio","item":"https:\/\/selvagemciclo.org.br\/"},{"@type":"ListItem","position":2,"name":"AGORA EU SEI O QUE \u00c9 NATUREZA"}]},{"@type":"WebSite","@id":"https:\/\/selvagemciclo.org.br\/#website","url":"https:\/\/selvagemciclo.org.br\/","name":"Selvagem","description":"Ciclo de estudos sobre a vida","publisher":{"@id":"https:\/\/selvagemciclo.org.br\/#organization"},"potentialAction":[{"@type":"SearchAction","target":{"@type":"EntryPoint","urlTemplate":"https:\/\/selvagemciclo.org.br\/?s={search_term_string}"},"query-input":{"@type":"PropertyValueSpecification","valueRequired":true,"valueName":"search_term_string"}}],"inLanguage":"en-GB"},{"@type":"Organization","@id":"https:\/\/selvagemciclo.org.br\/#organization","name":"Selvagem","url":"https:\/\/selvagemciclo.org.br\/","logo":{"@type":"ImageObject","inLanguage":"en-GB","@id":"https:\/\/selvagemciclo.org.br\/#\/schema\/logo\/image\/","url":"https:\/\/selvagemciclo.org.br\/wp-content\/uploads\/2026\/01\/cropped-ICONE_SELVAGEM_2026-1.png","contentUrl":"https:\/\/selvagemciclo.org.br\/wp-content\/uploads\/2026\/01\/cropped-ICONE_SELVAGEM_2026-1.png","width":512,"height":512,"caption":"Selvagem"},"image":{"@id":"https:\/\/selvagemciclo.org.br\/#\/schema\/logo\/image\/"},"sameAs":["https:\/\/www.instagram.com\/selvagem_ciclodeestudos\/","https:\/\/www.youtube.com\/@selvagemciclo8"]},{"@type":"Person","@id":"https:\/\/selvagemciclo.org.br\/#\/schema\/person\/5186b4c87114fbf24b65701276b72b11","name":"selvagem","image":{"@type":"ImageObject","inLanguage":"en-GB","@id":"https:\/\/selvagemciclo.org.br\/#\/schema\/person\/image\/","url":"https:\/\/secure.gravatar.com\/avatar\/ea7feba38ee72ae7ccbdc3dbd40b8ec0ea84bdc8282d84ee0fbe16d75671522c?s=96&d=mm&r=g","contentUrl":"https:\/\/secure.gravatar.com\/avatar\/ea7feba38ee72ae7ccbdc3dbd40b8ec0ea84bdc8282d84ee0fbe16d75671522c?s=96&d=mm&r=g","caption":"selvagem"},"url":"https:\/\/selvagemciclo.org.br\/en\/author\/selvagem\/"}]}},"_links":{"self":[{"href":"https:\/\/selvagemciclo.org.br\/en\/wp-json\/wp\/v2\/posts\/7772","targetHints":{"allow":["GET"]}}],"collection":[{"href":"https:\/\/selvagemciclo.org.br\/en\/wp-json\/wp\/v2\/posts"}],"about":[{"href":"https:\/\/selvagemciclo.org.br\/en\/wp-json\/wp\/v2\/types\/post"}],"author":[{"embeddable":true,"href":"https:\/\/selvagemciclo.org.br\/en\/wp-json\/wp\/v2\/users\/2"}],"replies":[{"embeddable":true,"href":"https:\/\/selvagemciclo.org.br\/en\/wp-json\/wp\/v2\/comments?post=7772"}],"version-history":[{"count":5,"href":"https:\/\/selvagemciclo.org.br\/en\/wp-json\/wp\/v2\/posts\/7772\/revisions"}],"predecessor-version":[{"id":9772,"href":"https:\/\/selvagemciclo.org.br\/en\/wp-json\/wp\/v2\/posts\/7772\/revisions\/9772"}],"wp:featuredmedia":[{"embeddable":true,"href":"https:\/\/selvagemciclo.org.br\/en\/wp-json\/wp\/v2\/media\/7584"}],"wp:attachment":[{"href":"https:\/\/selvagemciclo.org.br\/en\/wp-json\/wp\/v2\/media?parent=7772"}],"wp:term":[{"taxonomy":"category","embeddable":true,"href":"https:\/\/selvagemciclo.org.br\/en\/wp-json\/wp\/v2\/categories?post=7772"},{"taxonomy":"post_tag","embeddable":true,"href":"https:\/\/selvagemciclo.org.br\/en\/wp-json\/wp\/v2\/tags?post=7772"}],"curies":[{"name":"wp","href":"https:\/\/api.w.org\/{rel}","templated":true}]}}