{"id":7341,"date":"2025-04-10T14:10:56","date_gmt":"2025-04-10T17:10:56","guid":{"rendered":"https:\/\/selvagemciclo.org.br\/?p=7341"},"modified":"2025-11-27T12:33:31","modified_gmt":"2025-11-27T15:33:31","slug":"crianca-e-quase-rio","status":"publish","type":"post","link":"https:\/\/selvagemciclo.org.br\/en\/crianca-e-quase-rio\/","title":{"rendered":"A CHILD IS ALMOST A RIVER"},"content":{"rendered":"<div id=\"fws_69f77f122a063\"  data-column-margin=\"default\" data-midnight=\"dark\"  class=\"wpb_row vc_row-fluid vc_row\"  style=\"padding-top: 0px; padding-bottom: 0px; \"><div class=\"row-bg-wrap\" data-bg-animation=\"none\" data-bg-animation-delay=\"\" data-bg-overlay=\"false\"><div class=\"inner-wrap row-bg-layer\" ><div class=\"row-bg viewport-desktop\"  style=\"\"><\/div><\/div><\/div><div class=\"row_col_wrap_12 col span_12 dark left\">\n\t<div  class=\"vc_col-sm-12 wpb_column column_container vc_column_container col no-extra-padding inherit_tablet inherit_phone\"  data-padding-pos=\"all\" data-has-bg-color=\"false\" data-bg-color=\"\" data-bg-opacity=\"1\" data-animation=\"\" data-delay=\"0\" >\n\t\t<div class=\"vc_column-inner\" >\n\t\t\t<div class=\"wpb_wrapper\">\n\t\t\t\t\n<div class=\"wpb_text_column wpb_content_element\" >\n\t<div class=\"wpb_wrapper\">\n\t\t<h5 style=\"text-align: center;\">A CHILD IS ALMOST A RIVER<\/h5>\n<h5 style=\"text-align: center;\">Veronica Pinheiro<\/h5>\n<p style=\"text-align: center;\">10 April 2025<\/p>\n<p>&nbsp;<\/p>\n<p><img loading=\"lazy\" decoding=\"async\" class=\"aligncenter wp-image-7313\" src=\"https:\/\/selvagemciclo.org.br\/wp-content\/uploads\/2025\/04\/desenho2-663x1024.jpg\" sizes=\"auto, (max-width: 400px) 100vw, 400px\" srcset=\"https:\/\/selvagemciclo.org.br\/wp-content\/uploads\/2025\/04\/desenho2-663x1024.jpg 663w, https:\/\/selvagemciclo.org.br\/wp-content\/uploads\/2025\/04\/desenho2-194x300.jpg 194w, https:\/\/selvagemciclo.org.br\/wp-content\/uploads\/2025\/04\/desenho2-8x12.jpg 8w, https:\/\/selvagemciclo.org.br\/wp-content\/uploads\/2025\/04\/desenho2.jpg 720w\" alt=\"\" width=\"400\" height=\"618\" \/><\/p>\n<p>&nbsp;<\/p>\n<p><b>WORKSHOP: DRAWINGS TO MAKE VISIBLE<\/b><\/p>\n<p>\u201cWorlds inside of worlds\u201d, this phrase from Lua Kali's Notebook Selvagem\u00a0<a href=\"https:\/\/selvagemciclo.org.br\/wp-content\/uploads\/2022\/03\/CADERNO36_KALI.pdf\"><i>Drawings to make visible<\/i><\/a>sparked a deep dialogue with the children about the invisible. We went from talking to looking at maps and tables showing the composition of things. What is this made of? What's inside that? Invisible to whom?<\/p>\n<p>The pursuit of building and reawakening memories is a way of connecting children with their community and the present time.<\/p>\n<p>Through art and kindness, in our workshops we dream of awakening sensitivities and building links with nature and with the memories of the territory. The workshops are often meetings to celebrate and strengthen life.<\/p>\n<p>Among the maps presented to the children was one about the rivers of Rio de Janeiro. Among the composition diagrams, one mentioned that a child's body is between 75 and 65 per cent water. The children observed that, as people get older, they have less water in their bodies. That's when I heard it:<\/p>\n<p>\u201cWe are so much water. A child is almost a river.\u201d<\/p>\n<p>For a while, we wondered what could possibly exist in this river we call a child. At another moment, I asked what could be possibly existent in the other 30 per cent, since 70 per cent was water. Timothy replied without thinking \u201cDREAM\u201d. Pedro agreed and told me:<\/p>\n<p>\u201cA child is made of water and dreams!\u201d<\/p>\n<p><img loading=\"lazy\" decoding=\"async\" class=\"aligncenter wp-image-7310\" src=\"https:\/\/selvagemciclo.org.br\/wp-content\/uploads\/2025\/04\/desenhando-1024x462.jpg\" sizes=\"auto, (max-width: 666px) 100vw, 666px\" srcset=\"https:\/\/selvagemciclo.org.br\/wp-content\/uploads\/2025\/04\/desenhando-1024x462.jpg 1024w, https:\/\/selvagemciclo.org.br\/wp-content\/uploads\/2025\/04\/desenhando-300x135.jpg 300w, https:\/\/selvagemciclo.org.br\/wp-content\/uploads\/2025\/04\/desenhando-768x346.jpg 768w, https:\/\/selvagemciclo.org.br\/wp-content\/uploads\/2025\/04\/desenhando-18x8.jpg 18w, https:\/\/selvagemciclo.org.br\/wp-content\/uploads\/2025\/04\/desenhando.jpg 1156w\" alt=\"\" width=\"666\" height=\"300\" \/><\/p>\n<p>So I discreetly asked Timothy what a teacher was made of, and he told me that a teacher who plays is made of water and courage. And that he knew this because he needs to have courage every time he has to undergo surgery or face a firefight. Once again, Lua Kali was present: worlds within worlds were revealed as spoken words were invited to draw paths on fabric through brush and paint.<\/p>\n<p>The groups responsible for creating the panels were composed of children of various ages. With or without special support needs, they drew to make themselves visible. Have you ever received a drawing made by a child? Drawing in childhood is much more than a graphic manifestation on paper. A child who draws knows themselves, identifies what they feel, appropriates this information and announces what they felt to the world. Art that is not commercialised is communication from the soul.<\/p>\n<p><img loading=\"lazy\" decoding=\"async\" class=\"aligncenter wp-image-7314\" src=\"https:\/\/selvagemciclo.org.br\/wp-content\/uploads\/2025\/04\/grupos_desenhando-956x1024.png\" sizes=\"auto, (max-width: 666px) 100vw, 666px\" srcset=\"https:\/\/selvagemciclo.org.br\/wp-content\/uploads\/2025\/04\/grupos_desenhando-956x1024.png 956w, https:\/\/selvagemciclo.org.br\/wp-content\/uploads\/2025\/04\/grupos_desenhando-280x300.png 280w, https:\/\/selvagemciclo.org.br\/wp-content\/uploads\/2025\/04\/grupos_desenhando-768x823.png 768w, https:\/\/selvagemciclo.org.br\/wp-content\/uploads\/2025\/04\/grupos_desenhando-11x12.png 11w, https:\/\/selvagemciclo.org.br\/wp-content\/uploads\/2025\/04\/grupos_desenhando.png 1079w\" alt=\"\" width=\"666\" height=\"714\" \/><\/p>\n<p>By drawing, a child is trying to come closer, make contact and establish a bond. The words brincar (Portuguese for \u2018playing\u2019) and v\u00ednculo (meaning \u2018bond\u2019) have the same origin in the Latin\u00a0<i>vinculum<\/i>, que significa \u201cla\u00e7o\u201d.\u00a0Derivada do verbo\u00a0<i>vincire<\/i>, brincar significa \u201cenla\u00e7ar\u201d, \u201cencantar\u201d. O desenho na primeira fase da vida \u00e9 uma brincadeira feita com o corpo inteiro. O processo de escolariza\u00e7\u00e3o das crian\u00e7as vai retirando delas os espa\u00e7os de brincar \u00e0 medida que v\u00e3o crescendo. E o momento do desenho vai ganhando regras, hora e lugar determinado.<\/p>\n<p>In their processes, the workshops proposed by the Ways of Knowing group seek to listen to and respect children. Beyond thinking about diversity and inclusion, we want the children to strengthen their sense of belonging. Maya Angelou, reflecting on diversity, inclusion and belonging, says that \u201cdiversity\u201d is when you sit at the table; \u201cinclusion\u201d is when you get to speak and \u201cbelonging\u201d is when you are heard. Belonging is being able to draw paths of freedom, affirming that we are made of \u2018water and dreams\u2019, and knowing that we will be heard.<\/p>\n<p><img loading=\"lazy\" decoding=\"async\" class=\"aligncenter wp-image-7311\" src=\"https:\/\/selvagemciclo.org.br\/wp-content\/uploads\/2025\/04\/desenhando2-1024x462.jpg\" sizes=\"auto, (max-width: 666px) 100vw, 666px\" srcset=\"https:\/\/selvagemciclo.org.br\/wp-content\/uploads\/2025\/04\/desenhando2-1024x462.jpg 1024w, https:\/\/selvagemciclo.org.br\/wp-content\/uploads\/2025\/04\/desenhando2-300x135.jpg 300w, https:\/\/selvagemciclo.org.br\/wp-content\/uploads\/2025\/04\/desenhando2-768x346.jpg 768w, https:\/\/selvagemciclo.org.br\/wp-content\/uploads\/2025\/04\/desenhando2-18x8.jpg 18w, https:\/\/selvagemciclo.org.br\/wp-content\/uploads\/2025\/04\/desenhando2.jpg 1156w\" alt=\"\" width=\"666\" height=\"300\" \/><\/p>\n<p>The answers and reflections presented during the workshop reminded me of Mr Luiz Lana\u00b9, coming from the stars, an indigenous man from the Desana people. Mr Luiz was a\u00a0<b>K\u00ebh\u00edr\u00edpor\u00e3<\/b>, a son of the drawings of dreams. Dreams are one of the cosmotechnologies that allow us to see what's inside beings. With Mr Luiz I learnt to have the courage to unravel the threads of the memories that linked me to my grandmother. With children, I learn to have the courage to draw the drawings for today and for tomorrow.<\/p>\n<p>The panels \u2018A child is made of water and dreams\u2019 were exhibited at the First Meeting on Public Policies for Children in the City of Rio de Janeiro on 5 April 2025. In addition to the paintings on panels, the children kindly donated their drawings, sculptures, flat fabrics and photographic works to compose the art exhibition at the meeting. Like an open letter or a manifesto of life, the children's drawings at the event guided the words that closed the meeting. After the event ended, many educators came to share that their desire to remain in the territories of their schools\/projects was activated when they learned that children dream immersed in water. On that day, the drawings revealed some of the worlds contained within the world that is the Pedreira Complex to authorities, politicians, secretaries of education, and educators. The children of Morro da Ventania began to spread their ideas of good living throughout the world. May we have the courage to listen to what the wind and the children say.<\/p>\n<p><img loading=\"lazy\" decoding=\"async\" class=\"aligncenter wp-image-7312\" src=\"https:\/\/selvagemciclo.org.br\/wp-content\/uploads\/2025\/04\/DESENHO.jpg\" sizes=\"auto, (max-width: 400px) 100vw, 400px\" srcset=\"https:\/\/selvagemciclo.org.br\/wp-content\/uploads\/2025\/04\/DESENHO.jpg 679w, https:\/\/selvagemciclo.org.br\/wp-content\/uploads\/2025\/04\/DESENHO-200x300.jpg 200w, https:\/\/selvagemciclo.org.br\/wp-content\/uploads\/2025\/04\/DESENHO-8x12.jpg 8w\" alt=\"\" width=\"400\" height=\"599\" \/><\/p>\n<p>_________________________<\/p>\n<p>\u00b9 Luiz Lana. Read more in the text\u00a0<a href=\"https:\/\/selvagemciclo.org.br\/en\/comunicacoes\/luiz-lana-e-o-fio-da-memoria\/\">\u201cLuiz Lana e o fio da mem\u00f3ria\u201d<\/a>, a link, and in\u00a0<a href=\"https:\/\/selvagemciclo.org.br\/wp-content\/uploads\/2025\/03\/Antes_o_mundo_nao_existia_Dantes2019.pdf\"><i>Antes o mundo n\u00e3o existia [Before, there was no world]<\/i>\u00a0\u2013 Mitologia<i>\u00a0Desana-Keh\u00edrip\u00f5r\u00e3<\/i><\/a>\u00a0narrated by\u00a0<i>Umus\u00ef P\u00e3r\u00f5kumu<\/i>\u00a0(Firmiano Arantes Lana) and\u00a0<i>T\u00f5r\u00e3m\u00fc Keh\u00edri\u00a0<\/i>(Luiz Gomes Lana).<\/p>\n\t<\/div>\n<\/div>\n\n\n\n\n\t\t\t<\/div> \n\t\t<\/div>\n\t<\/div> \n<\/div><\/div>","protected":false},"excerpt":{"rendered":"CRIAN\u00c7A \u00c9 QUASE RIO Veronica Pinheiro 10 de abril de 2025 &nbsp; &nbsp; OFICINA: DESENHOS PARA TORNAR VIS\u00cdVEL \u201cMundos dentro de mundos\u201d, essa frase contida no Caderno Selvagem\u00a0Desenhos para tornar vis\u00edvel, de Lua Kali, abriu um di\u00e1logo profundo com as crian\u00e7as sobre o invis\u00edvel. Partimos da conversa para observa\u00e7\u00e3o de mapas e tabelas de composi\u00e7\u00e3o das coisas. De que \u00e9 feito isso? O que tem dentro daquilo? Invis\u00edvel pra quem? A busca pela constru\u00e7\u00e3o e pelo despertamento de mem\u00f3rias \u00e9 uma forma de conex\u00e3o das crian\u00e7as com sua comunidade e o tempo presente. Sonhamos em nossas oficinas, atrav\u00e9s da arte e da gentileza, despertar sensibilidades e construir v\u00ednculos com a natureza e com as mem\u00f3rias do territ\u00f3rio. As oficinas, em muitos momentos, s\u00e3o encontros de celebra\u00e7\u00e3o e fortalecimento da vida. Entre os mapas apresentados \u00e0s crian\u00e7as, havia um que era sobre os rios do Rio de Janeiro. Entre os esquemas de composi\u00e7\u00e3o, um falava que o corpo de uma crian\u00e7a...","protected":false},"author":1,"featured_media":7313,"comment_status":"closed","ping_status":"closed","sticky":false,"template":"","format":"standard","meta":{"_acf_changed":false,"footnotes":""},"categories":[57],"tags":[],"class_list":["post-7341","post","type-post","status-publish","format-standard","has-post-thumbnail","category-diario-veronica-pinheiro"],"acf":[],"yoast_head":"<!-- This site is optimized with the Yoast SEO plugin v27.1.1 - https:\/\/yoast.com\/product\/yoast-seo-wordpress\/ -->\n<title>CRIAN\u00c7A \u00c9 QUASE RIO - Selvagem<\/title>\n<meta name=\"robots\" content=\"index, follow, max-snippet:-1, max-image-preview:large, max-video-preview:-1\" \/>\n<link rel=\"canonical\" href=\"https:\/\/selvagemciclo.org.br\/en\/crianca-e-quase-rio\/\" \/>\n<meta property=\"og:locale\" content=\"en_GB\" \/>\n<meta property=\"og:type\" content=\"article\" \/>\n<meta property=\"og:title\" content=\"CRIAN\u00c7A \u00c9 QUASE RIO - Selvagem\" \/>\n<meta property=\"og:url\" content=\"https:\/\/selvagemciclo.org.br\/en\/crianca-e-quase-rio\/\" \/>\n<meta property=\"og:site_name\" content=\"Selvagem\" \/>\n<meta property=\"article:published_time\" content=\"2025-04-10T17:10:56+00:00\" \/>\n<meta property=\"article:modified_time\" content=\"2025-11-27T15:33:31+00:00\" \/>\n<meta property=\"og:image\" content=\"https:\/\/selvagemciclo.org.br\/wp-content\/uploads\/2025\/04\/desenho2.jpg\" \/>\n\t<meta property=\"og:image:width\" content=\"720\" \/>\n\t<meta property=\"og:image:height\" content=\"1112\" \/>\n\t<meta property=\"og:image:type\" content=\"image\/jpeg\" \/>\n<meta name=\"author\" content=\"wonderpus\" \/>\n<meta name=\"twitter:card\" content=\"summary_large_image\" \/>\n<meta name=\"twitter:label1\" content=\"Written by\" \/>\n\t<meta name=\"twitter:data1\" content=\"wonderpus\" \/>\n\t<meta name=\"twitter:label2\" content=\"Estimated reading time\" \/>\n\t<meta name=\"twitter:data2\" content=\"5 minutes\" \/>\n<script type=\"application\/ld+json\" class=\"yoast-schema-graph\">{\"@context\":\"https:\/\/schema.org\",\"@graph\":[{\"@type\":\"Article\",\"@id\":\"https:\/\/selvagemciclo.org.br\/crianca-e-quase-rio\/#article\",\"isPartOf\":{\"@id\":\"https:\/\/selvagemciclo.org.br\/crianca-e-quase-rio\/\"},\"author\":{\"name\":\"wonderpus\",\"@id\":\"https:\/\/selvagemciclo.org.br\/#\/schema\/person\/83687d4027e311f64b27f811d0dd75ac\"},\"headline\":\"CRIAN\u00c7A \u00c9 QUASE RIO\",\"datePublished\":\"2025-04-10T17:10:56+00:00\",\"dateModified\":\"2025-11-27T15:33:31+00:00\",\"mainEntityOfPage\":{\"@id\":\"https:\/\/selvagemciclo.org.br\/crianca-e-quase-rio\/\"},\"wordCount\":1081,\"publisher\":{\"@id\":\"https:\/\/selvagemciclo.org.br\/#organization\"},\"image\":{\"@id\":\"https:\/\/selvagemciclo.org.br\/crianca-e-quase-rio\/#primaryimage\"},\"thumbnailUrl\":\"https:\/\/selvagemciclo.org.br\/wp-content\/uploads\/2025\/04\/desenho2.jpg\",\"articleSection\":[\"Di\u00e1rio Veronica Pinheiro\"],\"inLanguage\":\"en-GB\"},{\"@type\":\"WebPage\",\"@id\":\"https:\/\/selvagemciclo.org.br\/crianca-e-quase-rio\/\",\"url\":\"https:\/\/selvagemciclo.org.br\/crianca-e-quase-rio\/\",\"name\":\"CRIAN\u00c7A \u00c9 QUASE RIO - Selvagem\",\"isPartOf\":{\"@id\":\"https:\/\/selvagemciclo.org.br\/#website\"},\"primaryImageOfPage\":{\"@id\":\"https:\/\/selvagemciclo.org.br\/crianca-e-quase-rio\/#primaryimage\"},\"image\":{\"@id\":\"https:\/\/selvagemciclo.org.br\/crianca-e-quase-rio\/#primaryimage\"},\"thumbnailUrl\":\"https:\/\/selvagemciclo.org.br\/wp-content\/uploads\/2025\/04\/desenho2.jpg\",\"datePublished\":\"2025-04-10T17:10:56+00:00\",\"dateModified\":\"2025-11-27T15:33:31+00:00\",\"breadcrumb\":{\"@id\":\"https:\/\/selvagemciclo.org.br\/crianca-e-quase-rio\/#breadcrumb\"},\"inLanguage\":\"en-GB\",\"potentialAction\":[{\"@type\":\"ReadAction\",\"target\":[\"https:\/\/selvagemciclo.org.br\/crianca-e-quase-rio\/\"]}]},{\"@type\":\"ImageObject\",\"inLanguage\":\"en-GB\",\"@id\":\"https:\/\/selvagemciclo.org.br\/crianca-e-quase-rio\/#primaryimage\",\"url\":\"https:\/\/selvagemciclo.org.br\/wp-content\/uploads\/2025\/04\/desenho2.jpg\",\"contentUrl\":\"https:\/\/selvagemciclo.org.br\/wp-content\/uploads\/2025\/04\/desenho2.jpg\",\"width\":720,\"height\":1112},{\"@type\":\"BreadcrumbList\",\"@id\":\"https:\/\/selvagemciclo.org.br\/crianca-e-quase-rio\/#breadcrumb\",\"itemListElement\":[{\"@type\":\"ListItem\",\"position\":1,\"name\":\"In\u00edcio\",\"item\":\"https:\/\/selvagemciclo.org.br\/\"},{\"@type\":\"ListItem\",\"position\":2,\"name\":\"CRIAN\u00c7A \u00c9 QUASE RIO\"}]},{\"@type\":\"WebSite\",\"@id\":\"https:\/\/selvagemciclo.org.br\/#website\",\"url\":\"https:\/\/selvagemciclo.org.br\/\",\"name\":\"Selvagem\",\"description\":\"Ciclo de estudos sobre a vida\",\"publisher\":{\"@id\":\"https:\/\/selvagemciclo.org.br\/#organization\"},\"potentialAction\":[{\"@type\":\"SearchAction\",\"target\":{\"@type\":\"EntryPoint\",\"urlTemplate\":\"https:\/\/selvagemciclo.org.br\/?s={search_term_string}\"},\"query-input\":{\"@type\":\"PropertyValueSpecification\",\"valueRequired\":true,\"valueName\":\"search_term_string\"}}],\"inLanguage\":\"en-GB\"},{\"@type\":\"Organization\",\"@id\":\"https:\/\/selvagemciclo.org.br\/#organization\",\"name\":\"Selvagem\",\"url\":\"https:\/\/selvagemciclo.org.br\/\",\"logo\":{\"@type\":\"ImageObject\",\"inLanguage\":\"en-GB\",\"@id\":\"https:\/\/selvagemciclo.org.br\/#\/schema\/logo\/image\/\",\"url\":\"https:\/\/selvagemciclo.org.br\/wp-content\/uploads\/2026\/01\/cropped-ICONE_SELVAGEM_2026-1.png\",\"contentUrl\":\"https:\/\/selvagemciclo.org.br\/wp-content\/uploads\/2026\/01\/cropped-ICONE_SELVAGEM_2026-1.png\",\"width\":512,\"height\":512,\"caption\":\"Selvagem\"},\"image\":{\"@id\":\"https:\/\/selvagemciclo.org.br\/#\/schema\/logo\/image\/\"},\"sameAs\":[\"https:\/\/www.instagram.com\/selvagem_ciclodeestudos\/\",\"https:\/\/www.youtube.com\/@selvagemciclo8\"]},{\"@type\":\"Person\",\"@id\":\"https:\/\/selvagemciclo.org.br\/#\/schema\/person\/83687d4027e311f64b27f811d0dd75ac\",\"name\":\"wonderpus\",\"image\":{\"@type\":\"ImageObject\",\"inLanguage\":\"en-GB\",\"@id\":\"https:\/\/selvagemciclo.org.br\/#\/schema\/person\/image\/\",\"url\":\"https:\/\/secure.gravatar.com\/avatar\/9a17435a829f7cd88ea586aabd66532b82786bfa389dd7b04ec323ac781b38c0?s=96&d=mm&r=g\",\"contentUrl\":\"https:\/\/secure.gravatar.com\/avatar\/9a17435a829f7cd88ea586aabd66532b82786bfa389dd7b04ec323ac781b38c0?s=96&d=mm&r=g\",\"caption\":\"wonderpus\"},\"sameAs\":[\"http:\/\/selvagemciclo.com.br\"],\"url\":\"https:\/\/selvagemciclo.org.br\/en\/author\/wonderpus\/\"}]}<\/script>\n<!-- \/ Yoast SEO plugin. -->","yoast_head_json":{"title":"CRIAN\u00c7A \u00c9 QUASE RIO - Selvagem","robots":{"index":"index","follow":"follow","max-snippet":"max-snippet:-1","max-image-preview":"max-image-preview:large","max-video-preview":"max-video-preview:-1"},"canonical":"https:\/\/selvagemciclo.org.br\/en\/crianca-e-quase-rio\/","og_locale":"en_GB","og_type":"article","og_title":"CRIAN\u00c7A \u00c9 QUASE RIO - Selvagem","og_url":"https:\/\/selvagemciclo.org.br\/en\/crianca-e-quase-rio\/","og_site_name":"Selvagem","article_published_time":"2025-04-10T17:10:56+00:00","article_modified_time":"2025-11-27T15:33:31+00:00","og_image":[{"width":720,"height":1112,"url":"https:\/\/selvagemciclo.org.br\/wp-content\/uploads\/2025\/04\/desenho2.jpg","type":"image\/jpeg"}],"author":"wonderpus","twitter_card":"summary_large_image","twitter_misc":{"Written by":"wonderpus","Estimated reading time":"5 minutes"},"schema":{"@context":"https:\/\/schema.org","@graph":[{"@type":"Article","@id":"https:\/\/selvagemciclo.org.br\/crianca-e-quase-rio\/#article","isPartOf":{"@id":"https:\/\/selvagemciclo.org.br\/crianca-e-quase-rio\/"},"author":{"name":"wonderpus","@id":"https:\/\/selvagemciclo.org.br\/#\/schema\/person\/83687d4027e311f64b27f811d0dd75ac"},"headline":"CRIAN\u00c7A \u00c9 QUASE RIO","datePublished":"2025-04-10T17:10:56+00:00","dateModified":"2025-11-27T15:33:31+00:00","mainEntityOfPage":{"@id":"https:\/\/selvagemciclo.org.br\/crianca-e-quase-rio\/"},"wordCount":1081,"publisher":{"@id":"https:\/\/selvagemciclo.org.br\/#organization"},"image":{"@id":"https:\/\/selvagemciclo.org.br\/crianca-e-quase-rio\/#primaryimage"},"thumbnailUrl":"https:\/\/selvagemciclo.org.br\/wp-content\/uploads\/2025\/04\/desenho2.jpg","articleSection":["Di\u00e1rio Veronica Pinheiro"],"inLanguage":"en-GB"},{"@type":"WebPage","@id":"https:\/\/selvagemciclo.org.br\/crianca-e-quase-rio\/","url":"https:\/\/selvagemciclo.org.br\/crianca-e-quase-rio\/","name":"CRIAN\u00c7A \u00c9 QUASE RIO - Selvagem","isPartOf":{"@id":"https:\/\/selvagemciclo.org.br\/#website"},"primaryImageOfPage":{"@id":"https:\/\/selvagemciclo.org.br\/crianca-e-quase-rio\/#primaryimage"},"image":{"@id":"https:\/\/selvagemciclo.org.br\/crianca-e-quase-rio\/#primaryimage"},"thumbnailUrl":"https:\/\/selvagemciclo.org.br\/wp-content\/uploads\/2025\/04\/desenho2.jpg","datePublished":"2025-04-10T17:10:56+00:00","dateModified":"2025-11-27T15:33:31+00:00","breadcrumb":{"@id":"https:\/\/selvagemciclo.org.br\/crianca-e-quase-rio\/#breadcrumb"},"inLanguage":"en-GB","potentialAction":[{"@type":"ReadAction","target":["https:\/\/selvagemciclo.org.br\/crianca-e-quase-rio\/"]}]},{"@type":"ImageObject","inLanguage":"en-GB","@id":"https:\/\/selvagemciclo.org.br\/crianca-e-quase-rio\/#primaryimage","url":"https:\/\/selvagemciclo.org.br\/wp-content\/uploads\/2025\/04\/desenho2.jpg","contentUrl":"https:\/\/selvagemciclo.org.br\/wp-content\/uploads\/2025\/04\/desenho2.jpg","width":720,"height":1112},{"@type":"BreadcrumbList","@id":"https:\/\/selvagemciclo.org.br\/crianca-e-quase-rio\/#breadcrumb","itemListElement":[{"@type":"ListItem","position":1,"name":"In\u00edcio","item":"https:\/\/selvagemciclo.org.br\/"},{"@type":"ListItem","position":2,"name":"CRIAN\u00c7A \u00c9 QUASE RIO"}]},{"@type":"WebSite","@id":"https:\/\/selvagemciclo.org.br\/#website","url":"https:\/\/selvagemciclo.org.br\/","name":"Selvagem","description":"Ciclo de estudos sobre a vida","publisher":{"@id":"https:\/\/selvagemciclo.org.br\/#organization"},"potentialAction":[{"@type":"SearchAction","target":{"@type":"EntryPoint","urlTemplate":"https:\/\/selvagemciclo.org.br\/?s={search_term_string}"},"query-input":{"@type":"PropertyValueSpecification","valueRequired":true,"valueName":"search_term_string"}}],"inLanguage":"en-GB"},{"@type":"Organization","@id":"https:\/\/selvagemciclo.org.br\/#organization","name":"Selvagem","url":"https:\/\/selvagemciclo.org.br\/","logo":{"@type":"ImageObject","inLanguage":"en-GB","@id":"https:\/\/selvagemciclo.org.br\/#\/schema\/logo\/image\/","url":"https:\/\/selvagemciclo.org.br\/wp-content\/uploads\/2026\/01\/cropped-ICONE_SELVAGEM_2026-1.png","contentUrl":"https:\/\/selvagemciclo.org.br\/wp-content\/uploads\/2026\/01\/cropped-ICONE_SELVAGEM_2026-1.png","width":512,"height":512,"caption":"Selvagem"},"image":{"@id":"https:\/\/selvagemciclo.org.br\/#\/schema\/logo\/image\/"},"sameAs":["https:\/\/www.instagram.com\/selvagem_ciclodeestudos\/","https:\/\/www.youtube.com\/@selvagemciclo8"]},{"@type":"Person","@id":"https:\/\/selvagemciclo.org.br\/#\/schema\/person\/83687d4027e311f64b27f811d0dd75ac","name":"wonderpus","image":{"@type":"ImageObject","inLanguage":"en-GB","@id":"https:\/\/selvagemciclo.org.br\/#\/schema\/person\/image\/","url":"https:\/\/secure.gravatar.com\/avatar\/9a17435a829f7cd88ea586aabd66532b82786bfa389dd7b04ec323ac781b38c0?s=96&d=mm&r=g","contentUrl":"https:\/\/secure.gravatar.com\/avatar\/9a17435a829f7cd88ea586aabd66532b82786bfa389dd7b04ec323ac781b38c0?s=96&d=mm&r=g","caption":"wonderpus"},"sameAs":["http:\/\/selvagemciclo.com.br"],"url":"https:\/\/selvagemciclo.org.br\/en\/author\/wonderpus\/"}]}},"_links":{"self":[{"href":"https:\/\/selvagemciclo.org.br\/en\/wp-json\/wp\/v2\/posts\/7341","targetHints":{"allow":["GET"]}}],"collection":[{"href":"https:\/\/selvagemciclo.org.br\/en\/wp-json\/wp\/v2\/posts"}],"about":[{"href":"https:\/\/selvagemciclo.org.br\/en\/wp-json\/wp\/v2\/types\/post"}],"author":[{"embeddable":true,"href":"https:\/\/selvagemciclo.org.br\/en\/wp-json\/wp\/v2\/users\/1"}],"replies":[{"embeddable":true,"href":"https:\/\/selvagemciclo.org.br\/en\/wp-json\/wp\/v2\/comments?post=7341"}],"version-history":[{"count":5,"href":"https:\/\/selvagemciclo.org.br\/en\/wp-json\/wp\/v2\/posts\/7341\/revisions"}],"predecessor-version":[{"id":9777,"href":"https:\/\/selvagemciclo.org.br\/en\/wp-json\/wp\/v2\/posts\/7341\/revisions\/9777"}],"wp:featuredmedia":[{"embeddable":true,"href":"https:\/\/selvagemciclo.org.br\/en\/wp-json\/wp\/v2\/media\/7313"}],"wp:attachment":[{"href":"https:\/\/selvagemciclo.org.br\/en\/wp-json\/wp\/v2\/media?parent=7341"}],"wp:term":[{"taxonomy":"category","embeddable":true,"href":"https:\/\/selvagemciclo.org.br\/en\/wp-json\/wp\/v2\/categories?post=7341"},{"taxonomy":"post_tag","embeddable":true,"href":"https:\/\/selvagemciclo.org.br\/en\/wp-json\/wp\/v2\/tags?post=7341"}],"curies":[{"name":"wp","href":"https:\/\/api.w.org\/{rel}","templated":true}]}}