{"id":11210,"date":"2026-04-17T12:56:46","date_gmt":"2026-04-17T15:56:46","guid":{"rendered":"https:\/\/selvagemciclo.org.br\/?p=11210"},"modified":"2026-04-20T14:53:29","modified_gmt":"2026-04-20T17:53:29","slug":"flechas-e-dancas-tecnologicas-uma-conversa-selvagem-com-alice-anderson","status":"publish","type":"post","link":"https:\/\/selvagemciclo.org.br\/en\/flechas-e-dancas-tecnologicas-uma-conversa-selvagem-com-alice-anderson\/","title":{"rendered":"FLECHAS E &#8220;DAN\u00c7AS TECNOL\u00d3GICAS&#8221;: uma conversa Selvagem com Alice Anderson"},"content":{"rendered":"<div id=\"fws_69f1d905dc034\"  data-column-margin=\"default\" data-midnight=\"dark\"  class=\"wpb_row vc_row-fluid vc_row\"  style=\"padding-top: 0px; padding-bottom: 0px; \"><div class=\"row-bg-wrap\" data-bg-animation=\"none\" data-bg-animation-delay=\"\" data-bg-overlay=\"false\"><div class=\"inner-wrap row-bg-layer\" ><div class=\"row-bg viewport-desktop\"  style=\"\"><\/div><\/div><\/div><div class=\"row_col_wrap_12 col span_12 dark left\">\n\t<div  class=\"vc_col-sm-12 wpb_column column_container vc_column_container col no-extra-padding inherit_tablet inherit_phone\"  data-padding-pos=\"all\" data-has-bg-color=\"false\" data-bg-color=\"\" data-bg-opacity=\"1\" data-animation=\"\" data-delay=\"0\" >\n\t\t<div class=\"vc_column-inner\" >\n\t\t\t<div class=\"wpb_wrapper\">\n\t\t\t\t\n<div class=\"wpb_text_column wpb_content_element\" >\n\t<div class=\"wpb_wrapper\">\n\t\t<h5 style=\"text-align: center;\">FLECHAS E &#8220;DAN\u00c7AS TECNOL\u00d3GICAS&#8221;:<br \/>\numa conversa Selvagem com Alice Anderson<\/h5>\n<p style=\"text-align: center;\">17 de abril de 2026<\/p>\n<p>&nbsp;<\/p>\n<p><span style=\"font-weight: 400;\">Alice Anderson \u00e9 uma multi artista francesa que conversa, se inspira e cria com seres n\u00e3o humanos h\u00e1 mais de 20 anos. Sua aproxima\u00e7\u00e3o com a Selvagem nasceu de uma trajet\u00f3ria marcada por uma escuta atenta aos animais, \u00e0s plantas, e at\u00e9 mesmo aos mais variados tipos de mat\u00e9ria, afinidades que, segundo Alice, encontraram eco nos conte\u00fados, pr\u00e1ticas e publica\u00e7\u00f5es da Selvagem. Entre as muitas travessias e conflu\u00eancias que vem brotando dessa rela\u00e7\u00e3o, a artista vem apresentando as \u201c<\/span><a href=\"https:\/\/selvagemciclo.org.br\/en\/flecha\/\"><span style=\"font-weight: 400;\">FLECHAS SELVAGEM<\/span><\/a><span style=\"font-weight: 400;\">\u201d em diversas exposi\u00e7\u00f5es que participa, expandindo os di\u00e1logos e as reverbera\u00e7\u00f5es deste encontro conceitual, pol\u00edtico e afetivo.\u00a0<\/span><\/p>\n<p><span style=\"font-weight: 400;\">Em sua primeira exposi\u00e7\u00e3o no Brasil, \u201cCORPOS HUMANOS-N\u00c3O HUMANOS\u201d, que ficou em cartaz entre setembro e novembro de 2025 no <\/span><span style=\"font-weight: 400;\">Centro Municipal de Artes H\u00e9lio Oiticica, no Rio de Janeiro, Alice exibiu a \u201c<\/span><a href=\"https:\/\/www.youtube.com\/watch?v=-0vOP_MO-Po&amp;list=PLYysvnBmz4S32JaJupR9X815Kp5OkK3YE&amp;index=5\"><span style=\"font-weight: 400;\">Flecha 5 &#8211; Uma flecha invis\u00edvel<\/span><\/a><span style=\"font-weight: 400;\">\u201d e a \u201c<\/span><a href=\"https:\/\/www.youtube.com\/watch?v=PeMBCABxXCQ&amp;list=PLYysvnBmz4S32JaJupR9X815Kp5OkK3YE&amp;index=6\"><span style=\"font-weight: 400;\">Flecha 6 &#8211; Tempo e amor<\/span><\/a><span style=\"font-weight: 400;\">\u201d, junto de suas pinturas e performances. Em 2026, esse movimento continuou com a incorpora\u00e7\u00e3o das Flechas na sua exposi\u00e7\u00e3o individual \u201cDAN\u00c7AS TECNOL\u00d3GICAS\u201d (\u201cTECHONOLOGICAL DANCES\u201d), com curadoria de Marc Pottier, no Museu Oscar Niemeyer, em Curitiba, que segue em cartaz at\u00e9 o final de maio.\u00a0<\/span><\/p>\n<p><span style=\"font-weight: 400;\">\u201cDesde que vi as primeiras \u201cFLECHAS\u201d, gra\u00e7as \u00e0 generosidade de Madeleine Deschamps, soube que queria compartilhar o trabalho excepcional que a Selvagem realiza por meio da divulga\u00e7\u00e3o e do apoio aos saberes ind\u00edgenas, de edi\u00e7\u00f5es extraordin\u00e1rias que unem arte e ci\u00eancia, e das <\/span><a href=\"https:\/\/selvagemciclo.org.br\/en\/escolas-vivas\/\"><span style=\"font-weight: 400;\">Living Schools<\/span><\/a><span style=\"font-weight: 400;\"> coordenadas por Cristine Taku\u00e1, que, inclusive, veio cantar um poema magn\u00edfico na minha exposi\u00e7\u00e3o no Centro H\u00e9lio Oiticica\u201d, contou a artista em conversa com a nossa equipe.<\/span><\/p>\n\t<\/div>\n<\/div>\n\n\n\n<div id=\"fws_69f1d905dc53c\" data-midnight=\"\" data-column-margin=\"default\" class=\"wpb_row vc_row-fluid vc_row inner_row\"  style=\"\"><div class=\"row-bg-wrap\"> <div class=\"row-bg\" ><\/div> <\/div><div class=\"row_col_wrap_12_inner col span_12  left\">\n\t<div  class=\"vc_col-sm-6 wpb_column column_container vc_column_container col child_column no-extra-padding inherit_tablet inherit_phone\"   data-padding-pos=\"all\" data-has-bg-color=\"false\" data-bg-color=\"\" data-bg-opacity=\"1\" data-animation=\"\" data-delay=\"0\" >\n\t\t<div class=\"vc_column-inner\" >\n\t\t<div class=\"wpb_wrapper\">\n\t\t\t<div class=\"img-with-aniamtion-wrap\" data-max-width=\"100%\" data-max-width-mobile=\"default\" data-shadow=\"none\" data-animation=\"none\" >\n      <div class=\"inner\">\n        <div class=\"hover-wrap\"> \n          <div class=\"hover-wrap-inner\">\n            <a href=\"https:\/\/www.youtube.com\/watch?v=PeMBCABxXCQ\" target=\"_self\" class=\"\">\n              <img loading=\"lazy\" decoding=\"async\" class=\"img-with-animation skip-lazy\" data-delay=\"0\" height=\"720\" width=\"1280\" data-animation=\"none\" src=\"https:\/\/selvagemciclo.org.br\/wp-content\/uploads\/2024\/11\/CAPA_AUDIOVISUAL_FLECHA-6.jpg\" alt=\"\" srcset=\"https:\/\/selvagemciclo.org.br\/wp-content\/uploads\/2024\/11\/CAPA_AUDIOVISUAL_FLECHA-6.jpg 1280w, https:\/\/selvagemciclo.org.br\/wp-content\/uploads\/2024\/11\/CAPA_AUDIOVISUAL_FLECHA-6-300x169.jpg 300w, https:\/\/selvagemciclo.org.br\/wp-content\/uploads\/2024\/11\/CAPA_AUDIOVISUAL_FLECHA-6-1024x576.jpg 1024w, https:\/\/selvagemciclo.org.br\/wp-content\/uploads\/2024\/11\/CAPA_AUDIOVISUAL_FLECHA-6-768x432.jpg 768w, https:\/\/selvagemciclo.org.br\/wp-content\/uploads\/2024\/11\/CAPA_AUDIOVISUAL_FLECHA-6-18x10.jpg 18w\" sizes=\"auto, (max-width: 1280px) 100vw, 1280px\" \/>\n            <\/a>\n          <\/div>\n        <\/div>\n      <\/div>\n      <\/div>\n<div class=\"wpb_text_column wpb_content_element\" >\n\t<div class=\"wpb_wrapper\">\n\t\t<p style=\"text-align: center;\"><strong><a href=\"https:\/\/www.youtube.com\/watch?v=PeMBCABxXCQ\"><em>Flecha 6 &#8211; Tempo e amor<\/em><\/a><\/strong><\/p>\n\t<\/div>\n<\/div>\n\n\n\n\n\t\t<\/div> \n\t<\/div>\n\t<\/div> \n\n\t<div  class=\"vc_col-sm-6 wpb_column column_container vc_column_container col child_column no-extra-padding inherit_tablet inherit_phone\"   data-padding-pos=\"all\" data-has-bg-color=\"false\" data-bg-color=\"\" data-bg-opacity=\"1\" data-animation=\"\" data-delay=\"0\" >\n\t\t<div class=\"vc_column-inner\" >\n\t\t<div class=\"wpb_wrapper\">\n\t\t\t<div class=\"img-with-aniamtion-wrap\" data-max-width=\"100%\" data-max-width-mobile=\"default\" data-shadow=\"none\" data-animation=\"none\" >\n      <div class=\"inner\">\n        <div class=\"hover-wrap\"> \n          <div class=\"hover-wrap-inner\">\n            <a href=\"https:\/\/www.youtube.com\/watch?v=-0vOP_MO-Po\" target=\"_self\" class=\"\">\n              <img loading=\"lazy\" decoding=\"async\" class=\"img-with-animation skip-lazy\" data-delay=\"0\" height=\"720\" width=\"1280\" data-animation=\"none\" src=\"https:\/\/selvagemciclo.org.br\/wp-content\/uploads\/2024\/11\/CAPA_AUDIOVISUAL_FLECHA-5.jpg\" alt=\"\" srcset=\"https:\/\/selvagemciclo.org.br\/wp-content\/uploads\/2024\/11\/CAPA_AUDIOVISUAL_FLECHA-5.jpg 1280w, https:\/\/selvagemciclo.org.br\/wp-content\/uploads\/2024\/11\/CAPA_AUDIOVISUAL_FLECHA-5-300x169.jpg 300w, https:\/\/selvagemciclo.org.br\/wp-content\/uploads\/2024\/11\/CAPA_AUDIOVISUAL_FLECHA-5-1024x576.jpg 1024w, https:\/\/selvagemciclo.org.br\/wp-content\/uploads\/2024\/11\/CAPA_AUDIOVISUAL_FLECHA-5-768x432.jpg 768w, https:\/\/selvagemciclo.org.br\/wp-content\/uploads\/2024\/11\/CAPA_AUDIOVISUAL_FLECHA-5-18x10.jpg 18w\" sizes=\"auto, (max-width: 1280px) 100vw, 1280px\" \/>\n            <\/a>\n          <\/div>\n        <\/div>\n      <\/div>\n      <\/div>\n<div class=\"wpb_text_column wpb_content_element\" >\n\t<div class=\"wpb_wrapper\">\n\t\t<p style=\"text-align: center;\"><strong><a href=\"https:\/\/www.youtube.com\/watch?v=-0vOP_MO-Po\"><i>Flecha 5 &#8211; Uma flecha invis\u00edvel<\/i><\/a><\/strong><\/p>\n\t<\/div>\n<\/div>\n\n\n\n\n\t\t<\/div> \n\t<\/div>\n\t<\/div> \n<\/div><\/div>\n\t\t\t<\/div> \n\t\t<\/div>\n\t<\/div> \n<\/div><\/div>\n\t\t<div id=\"fws_69f1d905dce9b\"  data-column-margin=\"default\" data-midnight=\"dark\"  class=\"wpb_row vc_row-fluid vc_row\"  style=\"padding-top: 0px; padding-bottom: 0px; \"><div class=\"row-bg-wrap\" data-bg-animation=\"none\" data-bg-animation-delay=\"\" data-bg-overlay=\"false\"><div class=\"inner-wrap row-bg-layer\" ><div class=\"row-bg viewport-desktop\"  style=\"\"><\/div><\/div><\/div><div class=\"row_col_wrap_12 col span_12 dark left\">\n\t<div  class=\"vc_col-sm-12 wpb_column column_container vc_column_container col no-extra-padding inherit_tablet inherit_phone\"  data-padding-pos=\"all\" data-has-bg-color=\"false\" data-bg-color=\"\" data-bg-opacity=\"1\" data-animation=\"\" data-delay=\"0\" >\n\t\t<div class=\"vc_column-inner\" >\n\t\t\t<div class=\"wpb_wrapper\">\n\t\t\t\t\n<div class=\"wpb_text_column wpb_content_element\" >\n\t<div class=\"wpb_wrapper\">\n\t\t<p><span style=\"font-weight: 400;\">Alice vem tecendo um v\u00ednculo profundo e cuidadoso com a Selvagem ao longo dos \u00faltimos anos que come\u00e7ou atrav\u00e9s da leitura dos livros de Ailton Krenak, narrador das Flechas Selvagem, e que se desdobrou no encontro com Anna Dantes, respons\u00e1vel pela dire\u00e7\u00e3o, texto e pesquisa de imagens destes materiais. Os estudos que Alice vinha fazendo sobre as interse\u00e7\u00f5es entre saberes ind\u00edgenas e f\u00edsica qu\u00e2ntica entorno da mat\u00e9ria como algo vivo encontraram eco e inspira\u00e7\u00e3o nas Flechas que partem do mundo invis\u00edvel do microcosmos em dire\u00e7\u00e3o a mundos afetivos e ancestrais, e que agora comp\u00f5em espa\u00e7os expositivos, alcan\u00e7ando cada vez mais pessoas. Hoje, seu trabalho se afirma como um gesto multiplicador dessa teia Selvagem, fazendo circular, em outros contextos, modos de perceber o mundo que resgatam a conex\u00e3o entre de todo tipo de vida.<\/span><\/p>\n<p><span style=\"font-weight: 400;\">A seguir, voc\u00ea confere a conversa com Alice Anderson na \u00edntegra, em que ela se aprofunda sobre sua rela\u00e7\u00e3o com a Selvagem e sobre os desenvolvimentos de seu trabalho, al\u00e9m de partilhar reflex\u00f5es importantes sobre como ser\u00e1 pela dan\u00e7a e pela natureza, e n\u00e3o pelos algoritmos, que aprenderemos a viver em conex\u00e3o.<\/span><\/p>\n<p><span style=\"font-weight: 400;\">E se voc\u00ea tamb\u00e9m gostaria de compartilhar sobre alguma atividade ou exibi\u00e7\u00e3o que conheceu ou realizou a partir de materiais Selvagem, te convidamos a contar para a gente por este <\/span><a href=\"https:\/\/docs.google.com\/forms\/d\/1nmmTHgwvUBKfn5NJD0lZ15EjA7MvdNyeBpAM7XoknxE\/viewform?edit_requested=true\"><span style=\"font-weight: 400;\">formul\u00e1rio<\/span><\/a><span style=\"font-weight: 400;\">. <\/span><span style=\"font-weight: 400;\">Al\u00e9m de ser uma grande alegria, esse retorno \u00e9 muito importante para n\u00f3s acompanharmos os desdobramentos dos materiais Selvagem pelo mundo.<\/span><\/p>\n\t<\/div>\n<\/div>\n\n\n\n<div id=\"fws_69f1d905dd072\" data-midnight=\"\" data-column-margin=\"default\" class=\"wpb_row vc_row-fluid vc_row inner_row\"  style=\"\"><div class=\"row-bg-wrap\"> <div class=\"row-bg\" ><\/div> <\/div><div class=\"row_col_wrap_12_inner col span_12  left\">\n\t<div  class=\"vc_col-sm-3 wpb_column column_container vc_column_container col child_column no-extra-padding inherit_tablet inherit_phone\"   data-padding-pos=\"all\" data-has-bg-color=\"false\" data-bg-color=\"\" data-bg-opacity=\"1\" data-animation=\"\" data-delay=\"0\" >\n\t\t<div class=\"vc_column-inner\" >\n\t\t<div class=\"wpb_wrapper\">\n\t\t\t\n\t\t<\/div> \n\t<\/div>\n\t<\/div> \n\n\t<div  class=\"vc_col-sm-6 wpb_column column_container vc_column_container col child_column no-extra-padding inherit_tablet inherit_phone\"   data-padding-pos=\"all\" data-has-bg-color=\"false\" data-bg-color=\"\" data-bg-opacity=\"1\" data-animation=\"\" data-delay=\"0\" >\n\t\t<div class=\"vc_column-inner\" >\n\t\t<div class=\"wpb_wrapper\">\n\t\t\t<div class=\"img-with-aniamtion-wrap\" data-max-width=\"100%\" data-max-width-mobile=\"default\" data-shadow=\"none\" data-animation=\"none\" >\n      <div class=\"inner\">\n        <div class=\"hover-wrap\"> \n          <div class=\"hover-wrap-inner\">\n            <a href=\"https:\/\/selvagemciclo.org.br\/wp-content\/uploads\/2026\/04\/CRISTINE-TAKUA\u2560u-SINGING@-Anderson-exh_H.Oiticica.jpeg\" class=\"pp\">\n              <img loading=\"lazy\" decoding=\"async\" class=\"img-with-animation skip-lazy\" data-delay=\"0\" height=\"972\" width=\"754\" data-animation=\"none\" src=\"https:\/\/selvagemciclo.org.br\/wp-content\/uploads\/2026\/04\/CRISTINE-TAKUA\u2560u-SINGING@-Anderson-exh_H.Oiticica.jpeg\" alt=\"\" srcset=\"https:\/\/selvagemciclo.org.br\/wp-content\/uploads\/2026\/04\/CRISTINE-TAKUA\u2560u-SINGING@-Anderson-exh_H.Oiticica.jpeg 754w, https:\/\/selvagemciclo.org.br\/wp-content\/uploads\/2026\/04\/CRISTINE-TAKUA\u2560u-SINGING@-Anderson-exh_H.Oiticica-233x300.jpeg 233w, https:\/\/selvagemciclo.org.br\/wp-content\/uploads\/2026\/04\/CRISTINE-TAKUA\u2560u-SINGING@-Anderson-exh_H.Oiticica-9x12.jpeg 9w\" sizes=\"auto, (max-width: 754px) 100vw, 754px\" \/>\n            <\/a>\n          <\/div>\n        <\/div>\n      <\/div>\n      <\/div>\n<div class=\"wpb_text_column wpb_content_element\" >\n\t<div class=\"wpb_wrapper\">\n\t\t<p style=\"text-align: center;\"><em><span style=\"font-weight: 400;\">Cristine Taku\u00e1 cantando na exposi\u00e7\u00e3o <\/span><span style=\"font-weight: 400;\">\u201cCORPOS HUMANOS-N\u00c3O HUMANOS\u201d em 2025, no Rio de Janeiro<\/span><\/em><\/p>\n\t<\/div>\n<\/div>\n\n\n\n\n\t\t<\/div> \n\t<\/div>\n\t<\/div> \n\n\t<div  class=\"vc_col-sm-3 wpb_column column_container vc_column_container col child_column no-extra-padding inherit_tablet inherit_phone\"   data-padding-pos=\"all\" data-has-bg-color=\"false\" data-bg-color=\"\" data-bg-opacity=\"1\" data-animation=\"\" data-delay=\"0\" >\n\t\t<div class=\"vc_column-inner\" >\n\t\t<div class=\"wpb_wrapper\">\n\t\t\t\n\t\t<\/div> \n\t<\/div>\n\t<\/div> \n<\/div><\/div>\n\t\t\t<\/div> \n\t\t<\/div>\n\t<\/div> \n<\/div><\/div>\n\t\t<div id=\"fws_69f1d905dd677\"  data-column-margin=\"default\" data-midnight=\"dark\"  class=\"wpb_row vc_row-fluid vc_row\"  style=\"padding-top: 0px; padding-bottom: 0px; \"><div class=\"row-bg-wrap\" data-bg-animation=\"none\" data-bg-animation-delay=\"\" data-bg-overlay=\"false\"><div class=\"inner-wrap row-bg-layer\" ><div class=\"row-bg viewport-desktop\"  style=\"\"><\/div><\/div><\/div><div class=\"row_col_wrap_12 col span_12 dark left\">\n\t<div  class=\"vc_col-sm-12 wpb_column column_container vc_column_container col no-extra-padding inherit_tablet inherit_phone\"  data-padding-pos=\"all\" data-has-bg-color=\"false\" data-bg-color=\"\" data-bg-opacity=\"1\" data-animation=\"\" data-delay=\"0\" >\n\t\t<div class=\"vc_column-inner\" >\n\t\t\t<div class=\"wpb_wrapper\">\n\t\t\t\t\n<div class=\"wpb_text_column wpb_content_element\" >\n\t<div class=\"wpb_wrapper\">\n\t\t<p><b>Como come\u00e7ou sua rela\u00e7\u00e3o com Selvagem?<\/b><\/p>\n<p><span style=\"font-weight: 400;\">\u201cQuando crian\u00e7a, eu tinha uma liga\u00e7\u00e3o profunda com uma unha, um carvalho, uma pedra e um riacho que encontrei na Floresta de Charnes, em Berry, na Fran\u00e7a (um lugar que Madeleine Deschamps, a primeira pessoa da Selvagem que tive a oportunidade de conhecer, deve conhecer bem).<\/span><\/p>\n<p><span style=\"font-weight: 400;\">Sempre tive uma rela\u00e7\u00e3o muito forte com a natureza. Na verdade, todo ambiente em que estou fala comigo constantemente. Instintivamente, \u00e9 como se eu soubesse que a mat\u00e9ria que comp\u00f5e todas as coisas viesse de uma exist\u00eancia, de um ponto de vista.<\/span><\/p>\n<p><span style=\"font-weight: 400;\">Fui marginalizada na minha \u00e9poca porque, no Ocidente, pouqu\u00edssimas pessoas me compreendiam. Com o tempo, pude descobrir outras culturas muito mais poderosas e que correspondiam inteiramente \u00e0 minha vis\u00e3o: onde humanos, animais, plantas, pedras, objetos \u2014 t\u00eam sua pr\u00f3pria maneira de ser e de perceber o mundo, e onde nossas a\u00e7\u00f5es fazem parte de um tecido de rela\u00e7\u00f5es com eles.<\/span><\/p>\n<p><span style=\"font-weight: 400;\">Por muitos anos, constru\u00ed pontes entre os sistemas de saberes ind\u00edgenas e a f\u00edsica qu\u00e2ntica, reconhecendo a mat\u00e9ria como um campo ativo e vibrante que nunca \u00e9 inerte, por meio de trabalhos como os da f\u00edsica Karen Barad, da fil\u00f3sofa Jane Bennett e do ambientalista Glen Albrecht.<\/span><\/p>\n<p><span style=\"font-weight: 400;\">Mais tarde, ao ler \u201cFUTURO ANCESTRAL\u201d e \u201cIDEIAS PARA ADIAR O FIM DO MUNDO\u201d, de Ailton Krenak, ouvi o seu chamado. Compartilhando profundamente seu compromisso com a Terra, quis ir ao seu encontro para conversar sobre a Intelig\u00eancia Artificial, essa ferramenta que est\u00e1 transformando a Terra, a sociedade e o corpo em uma velocidade exponencial.<\/span><\/p>\n<p><span style=\"font-weight: 400;\">Depois, tive a oportunidade de conhecer Anna Dantes, uma pessoa radiante, e as \u201c<\/span><a href=\"https:\/\/selvagemciclo.org.br\/en\/flecha\/\"><span style=\"font-weight: 400;\">FLECHAS SELVAGEM<\/span><\/a><span style=\"font-weight: 400;\">\u201d, que s\u00e3o filmes po\u00e9ticos de imenso poder. Resumindo, todos esses encontros contribu\u00edram para aprofundar minha convic\u00e7\u00e3o de que a vida \u00e9 uma teia de interconex\u00f5es.\u201d<\/span><\/p>\n\t<\/div>\n<\/div>\n\n\n\n<div id=\"fws_69f1d905dd948\" data-midnight=\"\" data-column-margin=\"default\" class=\"wpb_row vc_row-fluid vc_row inner_row\"  style=\"\"><div class=\"row-bg-wrap\"> <div class=\"row-bg\" ><\/div> <\/div><div class=\"row_col_wrap_12_inner col span_12  left\">\n\t<div  class=\"vc_col-sm-3 wpb_column column_container vc_column_container col child_column no-extra-padding inherit_tablet inherit_phone\"   data-padding-pos=\"all\" data-has-bg-color=\"false\" data-bg-color=\"\" data-bg-opacity=\"1\" data-animation=\"\" data-delay=\"0\" >\n\t\t<div class=\"vc_column-inner\" >\n\t\t<div class=\"wpb_wrapper\">\n\t\t\t\n\t\t<\/div> \n\t<\/div>\n\t<\/div> \n\n\t<div  class=\"vc_col-sm-6 wpb_column column_container vc_column_container col child_column no-extra-padding inherit_tablet inherit_phone\"   data-padding-pos=\"all\" data-has-bg-color=\"false\" data-bg-color=\"\" data-bg-opacity=\"1\" data-animation=\"\" data-delay=\"0\" >\n\t\t<div class=\"vc_column-inner\" >\n\t\t<div class=\"wpb_wrapper\">\n\t\t\t<div class=\"img-with-aniamtion-wrap\" data-max-width=\"100%\" data-max-width-mobile=\"default\" data-shadow=\"none\" data-animation=\"none\" >\n      <div class=\"inner\">\n        <div class=\"hover-wrap\"> \n          <div class=\"hover-wrap-inner\">\n            <a href=\"https:\/\/selvagemciclo.org.br\/wp-content\/uploads\/2026\/04\/A.KRENAK-A.-ANDERSON-2024.jpeg\" class=\"pp\">\n              <img loading=\"lazy\" decoding=\"async\" class=\"img-with-animation skip-lazy\" data-delay=\"0\" height=\"1710\" width=\"1336\" data-animation=\"none\" src=\"https:\/\/selvagemciclo.org.br\/wp-content\/uploads\/2026\/04\/A.KRENAK-A.-ANDERSON-2024.jpeg\" alt=\"\" srcset=\"https:\/\/selvagemciclo.org.br\/wp-content\/uploads\/2026\/04\/A.KRENAK-A.-ANDERSON-2024.jpeg 1336w, https:\/\/selvagemciclo.org.br\/wp-content\/uploads\/2026\/04\/A.KRENAK-A.-ANDERSON-2024-234x300.jpeg 234w, https:\/\/selvagemciclo.org.br\/wp-content\/uploads\/2026\/04\/A.KRENAK-A.-ANDERSON-2024-800x1024.jpeg 800w, https:\/\/selvagemciclo.org.br\/wp-content\/uploads\/2026\/04\/A.KRENAK-A.-ANDERSON-2024-768x983.jpeg 768w, https:\/\/selvagemciclo.org.br\/wp-content\/uploads\/2026\/04\/A.KRENAK-A.-ANDERSON-2024-1200x1536.jpeg 1200w, https:\/\/selvagemciclo.org.br\/wp-content\/uploads\/2026\/04\/A.KRENAK-A.-ANDERSON-2024-9x12.jpeg 9w\" sizes=\"auto, (max-width: 1336px) 100vw, 1336px\" \/>\n            <\/a>\n          <\/div>\n        <\/div>\n      <\/div>\n      <\/div>\n<div class=\"wpb_text_column wpb_content_element\" >\n\t<div class=\"wpb_wrapper\">\n\t\t<p style=\"text-align: center;\"><em><span style=\"font-weight: 400;\">Alice Anderson e Ailton Krenak em 2024<\/span><\/em><\/p>\n\t<\/div>\n<\/div>\n\n\n\n\n\t\t<\/div> \n\t<\/div>\n\t<\/div> \n\n\t<div  class=\"vc_col-sm-3 wpb_column column_container vc_column_container col child_column no-extra-padding inherit_tablet inherit_phone\"   data-padding-pos=\"all\" data-has-bg-color=\"false\" data-bg-color=\"\" data-bg-opacity=\"1\" data-animation=\"\" data-delay=\"0\" >\n\t\t<div class=\"vc_column-inner\" >\n\t\t<div class=\"wpb_wrapper\">\n\t\t\t\n\t\t<\/div> \n\t<\/div>\n\t<\/div> \n<\/div><\/div>\n<div class=\"wpb_text_column wpb_content_element\" >\n\t<div class=\"wpb_wrapper\">\n\t\t<p><b>Como as Flechas se relacionam com o seu trabalho?<\/b><\/p>\n<p><span style=\"font-weight: 400;\">\u201cEu criei \u201cDAN\u00c7AS TECNOL\u00d3GICAS\u201d dan\u00e7ando com ferramentas antigas, m\u00e1quinas modernas, circuitos eletr\u00f4nicos, elementos arquitet\u00f4nicos ou meteoritos, a fim de me reconectar com a materialidade animada desses objetos e reparar nas nossas rela\u00e7\u00f5es com o mundo mais-que-humano.<\/span><\/p>\n<p><span style=\"font-weight: 400;\">Eu inicio meus di\u00e1logos com seres n\u00e3o humanos por meio de longas sess\u00f5es de observa\u00e7\u00e3o; depois de falar com eles, aplico tinta l\u00edquida a esses \u201cobjetos\u201d para libert\u00e1-los de sua funcionalidade prim\u00e1ria.<\/span><\/p>\n<p><span style=\"font-weight: 400;\">Essas entidades s\u00e3o transformadas durante as \u201cDAN\u00c7AS TECNOL\u00d3GICAS\u201d e tornam-se \u201cOBJETOS DESPERTOS\u201d. As marcas criadas pela tinta na tela registram essas comunica\u00e7\u00f5es para al\u00e9m do mundo vis\u00edvel durante estados de transe.<\/span><\/p>\n<p><span style=\"font-weight: 400;\">Essas \u201cDAN\u00c7AS TECNOL\u00d3GICAS\u201d testemunham outra forma poss\u00edvel de intelig\u00eancia na era da IA: aquela que habita a mat\u00e9ria.<\/span><\/p>\n<p><span style=\"font-weight: 400;\">Quanto aos \u201cOBJETOS DESPERTOS\u201d, eles funcionam como locais de resist\u00eancia e mem\u00f3ria. Na era da IA, em que os objetos s\u00e3o cada vez mais otimizados, os \u201cOBJETOS DESPERTOS\u201d atuam como testemunhas, e n\u00e3o como ferramentas. Eles antecipam um futuro pr\u00f3ximo moldado pela IGA, no qual a intelig\u00eancia se torna abundante; a aten\u00e7\u00e3o, rara; a presen\u00e7a, pol\u00edtica; e a mem\u00f3ria, sagrada.\u201d<\/span><\/p>\n<p><b>Como voc\u00ea percebe a recep\u00e7\u00e3o do p\u00fablico ao seu trabalho na exposi\u00e7\u00e3o?<\/b><\/p>\n<p><span style=\"font-weight: 400;\">\u201c\u00c9 um trabalho e uma reflex\u00e3o compartilhados. Eu diria: NOSSO trabalho. A maioria dos seres que conhe\u00e7o est\u00e1 \u201ctrabalhando\u201d pela Terra. A exposi\u00e7\u00e3o no MON (Museu Oscar Niemeyer) mostra outros caminhos po\u00e9ticos que despertam a consci\u00eancia.<\/span><\/p>\n<p><span style=\"font-weight: 400;\">Os visitantes se delongam diante das obras; alguns me confidenciam que sentem algo dif\u00edcil de nomear. Isso me confirma que estamos em um momento crucial.<\/span><\/p>\n<p><span style=\"font-weight: 400;\">Quando a IA se tornar generalizada, todos os valores mudar\u00e3o. A capacidade de estar \u201cpresente\u201d fisicamente, emocionalmente, sem media\u00e7\u00e3o. A aten\u00e7\u00e3o sincera ao que nos rodeia, aos n\u00e3o-humanos. A qualidade de ouvir, de olhar, do sil\u00eancio compartilhado se tornar\u00e1 rara e, portanto, preciosa.<\/span><\/p>\n<p><span style=\"font-weight: 400;\">Em um mundo saturado de intelig\u00eancias, a presen\u00e7a consciente provavelmente ser\u00e1 um privil\u00e9gio. Na verdade, tudo o que envolve o corpo em tempo real ter\u00e1 um imenso valor sensorial. Tudo o que for feito como um gesto \u201cn\u00e3o otimizado\u201d, imperfeito, se tornar\u00e1 sagrado.<\/span><\/p>\n<p><span style=\"font-weight: 400;\">\u00c9 por isso que, h\u00e1 20 anos, desenvolvi gestos que \u201cmemorizam\u201d, por meio da pintura e da escultura, a passagem para esta nova era \u2014 como que para dizer: vamos nos lembrar da Natureza, de seu poder e do que fazemos dela.<\/span><\/p>\n<p><span style=\"font-weight: 400;\">A IA pode produzir e reproduzir, mas n\u00e3o conhece os desafios existenciais. Ela esqueceu a Natureza e desconhece a morte.<\/span><\/p>\n<p><span style=\"font-weight: 400;\">O que importar\u00e1 ser\u00e1 o \u201cporqu\u00ea\u201d por tr\u00e1s da a\u00e7\u00e3o. Por que nos reconectarmos com a Natureza? Por que criar? Por que escolher isto em vez daquilo? Por que agora?<\/span><\/p>\n<p><span style=\"font-weight: 400;\">A IA generalista tende para o global. O valor residir\u00e1 no que \u00e9 local, minorit\u00e1rio, n\u00e3o reproduz\u00edvel em escala. Talvez em hist\u00f3rias singulares, trajet\u00f3rias at\u00edpicas, vozes dissonantes e, acima de tudo, mem\u00f3rias incorporadas.<\/span><\/p>\n<p><span style=\"font-weight: 400;\">\u00c9 toda a nossa rela\u00e7\u00e3o com o que \u00e9 vivo e com o que nos rodeia que deve ser repensada. Repensar o v\u00ednculo com o que n\u00e3o fala a nossa l\u00edngua: por exemplo, com plantas, animais, ciclos, paisagens, arquiteturas, objetos.<\/span><\/p>\n<p><span style=\"font-weight: 400;\">Devemos valorizar a intelig\u00eancia da Natureza. Teremos que aprender a pensar dan\u00e7ando, e n\u00e3o por meio de algoritmos.\u201d<\/span><\/p>\n\t<\/div>\n<\/div>\n\n\n\n<div id=\"fws_69f1d905de047\" data-midnight=\"\" data-column-margin=\"default\" class=\"wpb_row vc_row-fluid vc_row inner_row\"  style=\"\"><div class=\"row-bg-wrap\"> <div class=\"row-bg\" ><\/div> <\/div><div class=\"row_col_wrap_12_inner col span_12  left\">\n\t<div  class=\"vc_col-sm-12 wpb_column column_container vc_column_container col child_column no-extra-padding inherit_tablet inherit_phone\"   data-padding-pos=\"all\" data-has-bg-color=\"false\" data-bg-color=\"\" data-bg-opacity=\"1\" data-animation=\"\" data-delay=\"0\" >\n\t\t<div class=\"vc_column-inner\" >\n\t\t<div class=\"wpb_wrapper\">\n\t\t\t<div class=\"divider-wrap\" data-alignment=\"default\"><div style=\"height: 30px;\" class=\"divider\"><\/div><\/div><div class=\"img-with-aniamtion-wrap\" data-max-width=\"100%\" data-max-width-mobile=\"default\" data-shadow=\"none\" data-animation=\"none\" >\n      <div class=\"inner\">\n        <div class=\"hover-wrap\"> \n          <div class=\"hover-wrap-inner\">\n            <a href=\"https:\/\/selvagemciclo.org.br\/wp-content\/uploads\/2026\/04\/flecha-5-still-1.png\" class=\"pp\">\n              <img loading=\"lazy\" decoding=\"async\" class=\"img-with-animation skip-lazy\" data-delay=\"0\" height=\"765\" width=\"1365\" data-animation=\"none\" src=\"https:\/\/selvagemciclo.org.br\/wp-content\/uploads\/2026\/04\/flecha-5-still-1.png\" alt=\"\" srcset=\"https:\/\/selvagemciclo.org.br\/wp-content\/uploads\/2026\/04\/flecha-5-still-1.png 1365w, https:\/\/selvagemciclo.org.br\/wp-content\/uploads\/2026\/04\/flecha-5-still-1-300x168.png 300w, https:\/\/selvagemciclo.org.br\/wp-content\/uploads\/2026\/04\/flecha-5-still-1-1024x574.png 1024w, https:\/\/selvagemciclo.org.br\/wp-content\/uploads\/2026\/04\/flecha-5-still-1-768x430.png 768w, https:\/\/selvagemciclo.org.br\/wp-content\/uploads\/2026\/04\/flecha-5-still-1-18x10.png 18w\" sizes=\"auto, (max-width: 1365px) 100vw, 1365px\" \/>\n            <\/a>\n          <\/div>\n        <\/div>\n      <\/div>\n      <\/div>\n\t\t<\/div> \n\t<\/div>\n\t<\/div> \n<\/div><\/div><div id=\"fws_69f1d905de4ab\" data-midnight=\"\" data-column-margin=\"default\" class=\"wpb_row vc_row-fluid vc_row inner_row\"  style=\"\"><div class=\"row-bg-wrap\"> <div class=\"row-bg\" ><\/div> <\/div><div class=\"row_col_wrap_12_inner col span_12  left\">\n\t<div  class=\"vc_col-sm-12 wpb_column column_container vc_column_container col child_column no-extra-padding inherit_tablet inherit_phone\"   data-padding-pos=\"all\" data-has-bg-color=\"false\" data-bg-color=\"\" data-bg-opacity=\"1\" data-animation=\"\" data-delay=\"0\" >\n\t\t<div class=\"vc_column-inner\" >\n\t\t<div class=\"wpb_wrapper\">\n\t\t\t\n<div class=\"wpb_text_column wpb_content_element\" >\n\t<div class=\"wpb_wrapper\">\n\t\t<p style=\"text-align: center;\"><span style=\"font-weight: 400;\">Still\u00a0<em>Group of the <a href=\"https:\/\/www.youtube.com\/watch?v=-0vOP_MO-Po\">Flecha 5 &#8211; Uma flecha invis\u00edvel<\/a><br \/>\nWhy do Microbes explode under UV Light?<\/em><br \/>\nJAMES WEISS (@JAM_AND_GERMS)<br \/>\n<\/span><\/p>\n\t<\/div>\n<\/div>\n\n\n\n\n\t\t<\/div> \n\t<\/div>\n\t<\/div> \n<\/div><\/div>\n\t\t\t<\/div> \n\t\t<\/div>\n\t<\/div> \n<\/div><\/div>","protected":false},"excerpt":{"rendered":"FLECHAS E \"DAN\u00c7AS TECNOL\u00d3GICAS\": uma conversa Selvagem com Alice Anderson 17 de abril de 2026 &nbsp; Alice Anderson \u00e9 uma multi artista francesa que conversa, se inspira e cria com seres n\u00e3o humanos h\u00e1 mais de 20 anos. Sua aproxima\u00e7\u00e3o com a Selvagem nasceu de uma trajet\u00f3ria marcada por uma escuta atenta aos animais, \u00e0s plantas, e at\u00e9 mesmo aos mais variados tipos de mat\u00e9ria, afinidades que, segundo Alice, encontraram eco nos conte\u00fados, pr\u00e1ticas e publica\u00e7\u00f5es da Selvagem. Entre as muitas travessias e conflu\u00eancias que vem brotando dessa rela\u00e7\u00e3o, a artista vem apresentando as \u201cFLECHAS SELVAGEM\u201d em diversas exposi\u00e7\u00f5es que participa, expandindo os di\u00e1logos e as reverbera\u00e7\u00f5es deste encontro conceitual, pol\u00edtico e afetivo.\u00a0 Em sua primeira exposi\u00e7\u00e3o no Brasil, \u201cCORPOS HUMANOS-N\u00c3O HUMANOS\u201d, que ficou em cartaz entre setembro e novembro de 2025 no Centro Municipal de Artes H\u00e9lio Oiticica, no Rio de Janeiro, Alice exibiu a \u201cFlecha 5 - Uma flecha invis\u00edvel\u201d e a \u201cFlecha 6 - Tempo e amor\u201d,...","protected":false},"author":2,"featured_media":11227,"comment_status":"closed","ping_status":"closed","sticky":false,"template":"","format":"standard","meta":{"_acf_changed":false,"footnotes":""},"categories":[81],"tags":[179,182,113],"class_list":["post-11210","post","type-post","status-publish","format-standard","has-post-thumbnail","category-alcance-e-desdobramentos","tag-alcance","tag-desdobramento","tag-flecha"],"acf":[],"yoast_head":"<!-- This site is optimized with the Yoast SEO plugin v27.1.1 - https:\/\/yoast.com\/product\/yoast-seo-wordpress\/ -->\n<title>FLECHAS E &quot;DAN\u00c7AS TECNOL\u00d3GICAS&quot;: uma conversa Selvagem com Alice Anderson - Selvagem<\/title>\n<meta name=\"robots\" content=\"index, follow, max-snippet:-1, max-image-preview:large, max-video-preview:-1\" \/>\n<link rel=\"canonical\" href=\"https:\/\/selvagemciclo.org.br\/en\/flechas-e-dancas-tecnologicas-uma-conversa-selvagem-com-alice-anderson\/\" \/>\n<meta property=\"og:locale\" content=\"en_GB\" \/>\n<meta property=\"og:type\" content=\"article\" \/>\n<meta property=\"og:title\" content=\"FLECHAS E &quot;DAN\u00c7AS TECNOL\u00d3GICAS&quot;: uma conversa Selvagem com Alice Anderson - Selvagem\" \/>\n<meta property=\"og:url\" content=\"https:\/\/selvagemciclo.org.br\/en\/flechas-e-dancas-tecnologicas-uma-conversa-selvagem-com-alice-anderson\/\" \/>\n<meta property=\"og:site_name\" content=\"Selvagem\" \/>\n<meta property=\"article:published_time\" content=\"2026-04-17T15:56:46+00:00\" \/>\n<meta property=\"article:modified_time\" content=\"2026-04-20T17:53:29+00:00\" \/>\n<meta property=\"og:image\" content=\"https:\/\/selvagemciclo.org.br\/wp-content\/uploads\/2026\/04\/flecha-5-still-1.png\" \/>\n\t<meta property=\"og:image:width\" content=\"1365\" \/>\n\t<meta property=\"og:image:height\" content=\"765\" \/>\n\t<meta property=\"og:image:type\" content=\"image\/png\" \/>\n<meta name=\"author\" content=\"selvagem\" \/>\n<meta name=\"twitter:card\" content=\"summary_large_image\" \/>\n<meta name=\"twitter:label1\" content=\"Written by\" \/>\n\t<meta name=\"twitter:data1\" content=\"selvagem\" \/>\n\t<meta name=\"twitter:label2\" content=\"Estimated reading time\" \/>\n\t<meta name=\"twitter:data2\" content=\"12 minutes\" \/>\n<script type=\"application\/ld+json\" class=\"yoast-schema-graph\">{\"@context\":\"https:\/\/schema.org\",\"@graph\":[{\"@type\":\"Article\",\"@id\":\"https:\/\/selvagemciclo.org.br\/flechas-e-dancas-tecnologicas-uma-conversa-selvagem-com-alice-anderson\/#article\",\"isPartOf\":{\"@id\":\"https:\/\/selvagemciclo.org.br\/flechas-e-dancas-tecnologicas-uma-conversa-selvagem-com-alice-anderson\/\"},\"author\":{\"name\":\"selvagem\",\"@id\":\"https:\/\/selvagemciclo.org.br\/#\/schema\/person\/5186b4c87114fbf24b65701276b72b11\"},\"headline\":\"FLECHAS E &#8220;DAN\u00c7AS TECNOL\u00d3GICAS&#8221;: uma conversa Selvagem com Alice Anderson\",\"datePublished\":\"2026-04-17T15:56:46+00:00\",\"dateModified\":\"2026-04-20T17:53:29+00:00\",\"mainEntityOfPage\":{\"@id\":\"https:\/\/selvagemciclo.org.br\/flechas-e-dancas-tecnologicas-uma-conversa-selvagem-com-alice-anderson\/\"},\"wordCount\":3464,\"publisher\":{\"@id\":\"https:\/\/selvagemciclo.org.br\/#organization\"},\"image\":{\"@id\":\"https:\/\/selvagemciclo.org.br\/flechas-e-dancas-tecnologicas-uma-conversa-selvagem-com-alice-anderson\/#primaryimage\"},\"thumbnailUrl\":\"https:\/\/selvagemciclo.org.br\/wp-content\/uploads\/2026\/04\/flecha-5-still-1.png\",\"keywords\":[\"alcance\",\"desdobramento\",\"Flecha\"],\"articleSection\":[\"Alcance e desdobramentos\"],\"inLanguage\":\"en-GB\"},{\"@type\":\"WebPage\",\"@id\":\"https:\/\/selvagemciclo.org.br\/flechas-e-dancas-tecnologicas-uma-conversa-selvagem-com-alice-anderson\/\",\"url\":\"https:\/\/selvagemciclo.org.br\/flechas-e-dancas-tecnologicas-uma-conversa-selvagem-com-alice-anderson\/\",\"name\":\"FLECHAS E \\\"DAN\u00c7AS TECNOL\u00d3GICAS\\\": uma conversa Selvagem com Alice Anderson - Selvagem\",\"isPartOf\":{\"@id\":\"https:\/\/selvagemciclo.org.br\/#website\"},\"primaryImageOfPage\":{\"@id\":\"https:\/\/selvagemciclo.org.br\/flechas-e-dancas-tecnologicas-uma-conversa-selvagem-com-alice-anderson\/#primaryimage\"},\"image\":{\"@id\":\"https:\/\/selvagemciclo.org.br\/flechas-e-dancas-tecnologicas-uma-conversa-selvagem-com-alice-anderson\/#primaryimage\"},\"thumbnailUrl\":\"https:\/\/selvagemciclo.org.br\/wp-content\/uploads\/2026\/04\/flecha-5-still-1.png\",\"datePublished\":\"2026-04-17T15:56:46+00:00\",\"dateModified\":\"2026-04-20T17:53:29+00:00\",\"breadcrumb\":{\"@id\":\"https:\/\/selvagemciclo.org.br\/flechas-e-dancas-tecnologicas-uma-conversa-selvagem-com-alice-anderson\/#breadcrumb\"},\"inLanguage\":\"en-GB\",\"potentialAction\":[{\"@type\":\"ReadAction\",\"target\":[\"https:\/\/selvagemciclo.org.br\/flechas-e-dancas-tecnologicas-uma-conversa-selvagem-com-alice-anderson\/\"]}]},{\"@type\":\"ImageObject\",\"inLanguage\":\"en-GB\",\"@id\":\"https:\/\/selvagemciclo.org.br\/flechas-e-dancas-tecnologicas-uma-conversa-selvagem-com-alice-anderson\/#primaryimage\",\"url\":\"https:\/\/selvagemciclo.org.br\/wp-content\/uploads\/2026\/04\/flecha-5-still-1.png\",\"contentUrl\":\"https:\/\/selvagemciclo.org.br\/wp-content\/uploads\/2026\/04\/flecha-5-still-1.png\",\"width\":1365,\"height\":765},{\"@type\":\"BreadcrumbList\",\"@id\":\"https:\/\/selvagemciclo.org.br\/flechas-e-dancas-tecnologicas-uma-conversa-selvagem-com-alice-anderson\/#breadcrumb\",\"itemListElement\":[{\"@type\":\"ListItem\",\"position\":1,\"name\":\"In\u00edcio\",\"item\":\"https:\/\/selvagemciclo.org.br\/\"},{\"@type\":\"ListItem\",\"position\":2,\"name\":\"FLECHAS E &#8220;DAN\u00c7AS TECNOL\u00d3GICAS&#8221;: uma conversa Selvagem com Alice Anderson\"}]},{\"@type\":\"WebSite\",\"@id\":\"https:\/\/selvagemciclo.org.br\/#website\",\"url\":\"https:\/\/selvagemciclo.org.br\/\",\"name\":\"Selvagem\",\"description\":\"Ciclo de estudos sobre a vida\",\"publisher\":{\"@id\":\"https:\/\/selvagemciclo.org.br\/#organization\"},\"potentialAction\":[{\"@type\":\"SearchAction\",\"target\":{\"@type\":\"EntryPoint\",\"urlTemplate\":\"https:\/\/selvagemciclo.org.br\/?s={search_term_string}\"},\"query-input\":{\"@type\":\"PropertyValueSpecification\",\"valueRequired\":true,\"valueName\":\"search_term_string\"}}],\"inLanguage\":\"en-GB\"},{\"@type\":\"Organization\",\"@id\":\"https:\/\/selvagemciclo.org.br\/#organization\",\"name\":\"Selvagem\",\"url\":\"https:\/\/selvagemciclo.org.br\/\",\"logo\":{\"@type\":\"ImageObject\",\"inLanguage\":\"en-GB\",\"@id\":\"https:\/\/selvagemciclo.org.br\/#\/schema\/logo\/image\/\",\"url\":\"https:\/\/selvagemciclo.org.br\/wp-content\/uploads\/2026\/01\/cropped-ICONE_SELVAGEM_2026-1.png\",\"contentUrl\":\"https:\/\/selvagemciclo.org.br\/wp-content\/uploads\/2026\/01\/cropped-ICONE_SELVAGEM_2026-1.png\",\"width\":512,\"height\":512,\"caption\":\"Selvagem\"},\"image\":{\"@id\":\"https:\/\/selvagemciclo.org.br\/#\/schema\/logo\/image\/\"},\"sameAs\":[\"https:\/\/www.instagram.com\/selvagem_ciclodeestudos\/\",\"https:\/\/www.youtube.com\/@selvagemciclo8\"]},{\"@type\":\"Person\",\"@id\":\"https:\/\/selvagemciclo.org.br\/#\/schema\/person\/5186b4c87114fbf24b65701276b72b11\",\"name\":\"selvagem\",\"image\":{\"@type\":\"ImageObject\",\"inLanguage\":\"en-GB\",\"@id\":\"https:\/\/selvagemciclo.org.br\/#\/schema\/person\/image\/\",\"url\":\"https:\/\/secure.gravatar.com\/avatar\/ea7feba38ee72ae7ccbdc3dbd40b8ec0ea84bdc8282d84ee0fbe16d75671522c?s=96&d=mm&r=g\",\"contentUrl\":\"https:\/\/secure.gravatar.com\/avatar\/ea7feba38ee72ae7ccbdc3dbd40b8ec0ea84bdc8282d84ee0fbe16d75671522c?s=96&d=mm&r=g\",\"caption\":\"selvagem\"},\"url\":\"https:\/\/selvagemciclo.org.br\/en\/author\/selvagem\/\"}]}<\/script>\n<!-- \/ Yoast SEO plugin. -->","yoast_head_json":{"title":"FLECHAS E \"DAN\u00c7AS TECNOL\u00d3GICAS\": uma conversa Selvagem com Alice Anderson - Selvagem","robots":{"index":"index","follow":"follow","max-snippet":"max-snippet:-1","max-image-preview":"max-image-preview:large","max-video-preview":"max-video-preview:-1"},"canonical":"https:\/\/selvagemciclo.org.br\/en\/flechas-e-dancas-tecnologicas-uma-conversa-selvagem-com-alice-anderson\/","og_locale":"en_GB","og_type":"article","og_title":"FLECHAS E \"DAN\u00c7AS TECNOL\u00d3GICAS\": uma conversa Selvagem com Alice Anderson - Selvagem","og_url":"https:\/\/selvagemciclo.org.br\/en\/flechas-e-dancas-tecnologicas-uma-conversa-selvagem-com-alice-anderson\/","og_site_name":"Selvagem","article_published_time":"2026-04-17T15:56:46+00:00","article_modified_time":"2026-04-20T17:53:29+00:00","og_image":[{"width":1365,"height":765,"url":"https:\/\/selvagemciclo.org.br\/wp-content\/uploads\/2026\/04\/flecha-5-still-1.png","type":"image\/png"}],"author":"selvagem","twitter_card":"summary_large_image","twitter_misc":{"Written by":"selvagem","Estimated reading time":"12 minutes"},"schema":{"@context":"https:\/\/schema.org","@graph":[{"@type":"Article","@id":"https:\/\/selvagemciclo.org.br\/flechas-e-dancas-tecnologicas-uma-conversa-selvagem-com-alice-anderson\/#article","isPartOf":{"@id":"https:\/\/selvagemciclo.org.br\/flechas-e-dancas-tecnologicas-uma-conversa-selvagem-com-alice-anderson\/"},"author":{"name":"selvagem","@id":"https:\/\/selvagemciclo.org.br\/#\/schema\/person\/5186b4c87114fbf24b65701276b72b11"},"headline":"FLECHAS E &#8220;DAN\u00c7AS TECNOL\u00d3GICAS&#8221;: uma conversa Selvagem com Alice Anderson","datePublished":"2026-04-17T15:56:46+00:00","dateModified":"2026-04-20T17:53:29+00:00","mainEntityOfPage":{"@id":"https:\/\/selvagemciclo.org.br\/flechas-e-dancas-tecnologicas-uma-conversa-selvagem-com-alice-anderson\/"},"wordCount":3464,"publisher":{"@id":"https:\/\/selvagemciclo.org.br\/#organization"},"image":{"@id":"https:\/\/selvagemciclo.org.br\/flechas-e-dancas-tecnologicas-uma-conversa-selvagem-com-alice-anderson\/#primaryimage"},"thumbnailUrl":"https:\/\/selvagemciclo.org.br\/wp-content\/uploads\/2026\/04\/flecha-5-still-1.png","keywords":["alcance","desdobramento","Flecha"],"articleSection":["Alcance e desdobramentos"],"inLanguage":"en-GB"},{"@type":"WebPage","@id":"https:\/\/selvagemciclo.org.br\/flechas-e-dancas-tecnologicas-uma-conversa-selvagem-com-alice-anderson\/","url":"https:\/\/selvagemciclo.org.br\/flechas-e-dancas-tecnologicas-uma-conversa-selvagem-com-alice-anderson\/","name":"FLECHAS E \"DAN\u00c7AS TECNOL\u00d3GICAS\": uma conversa Selvagem com Alice Anderson - Selvagem","isPartOf":{"@id":"https:\/\/selvagemciclo.org.br\/#website"},"primaryImageOfPage":{"@id":"https:\/\/selvagemciclo.org.br\/flechas-e-dancas-tecnologicas-uma-conversa-selvagem-com-alice-anderson\/#primaryimage"},"image":{"@id":"https:\/\/selvagemciclo.org.br\/flechas-e-dancas-tecnologicas-uma-conversa-selvagem-com-alice-anderson\/#primaryimage"},"thumbnailUrl":"https:\/\/selvagemciclo.org.br\/wp-content\/uploads\/2026\/04\/flecha-5-still-1.png","datePublished":"2026-04-17T15:56:46+00:00","dateModified":"2026-04-20T17:53:29+00:00","breadcrumb":{"@id":"https:\/\/selvagemciclo.org.br\/flechas-e-dancas-tecnologicas-uma-conversa-selvagem-com-alice-anderson\/#breadcrumb"},"inLanguage":"en-GB","potentialAction":[{"@type":"ReadAction","target":["https:\/\/selvagemciclo.org.br\/flechas-e-dancas-tecnologicas-uma-conversa-selvagem-com-alice-anderson\/"]}]},{"@type":"ImageObject","inLanguage":"en-GB","@id":"https:\/\/selvagemciclo.org.br\/flechas-e-dancas-tecnologicas-uma-conversa-selvagem-com-alice-anderson\/#primaryimage","url":"https:\/\/selvagemciclo.org.br\/wp-content\/uploads\/2026\/04\/flecha-5-still-1.png","contentUrl":"https:\/\/selvagemciclo.org.br\/wp-content\/uploads\/2026\/04\/flecha-5-still-1.png","width":1365,"height":765},{"@type":"BreadcrumbList","@id":"https:\/\/selvagemciclo.org.br\/flechas-e-dancas-tecnologicas-uma-conversa-selvagem-com-alice-anderson\/#breadcrumb","itemListElement":[{"@type":"ListItem","position":1,"name":"In\u00edcio","item":"https:\/\/selvagemciclo.org.br\/"},{"@type":"ListItem","position":2,"name":"FLECHAS E &#8220;DAN\u00c7AS TECNOL\u00d3GICAS&#8221;: uma conversa Selvagem com Alice Anderson"}]},{"@type":"WebSite","@id":"https:\/\/selvagemciclo.org.br\/#website","url":"https:\/\/selvagemciclo.org.br\/","name":"Selvagem","description":"Ciclo de estudos sobre a vida","publisher":{"@id":"https:\/\/selvagemciclo.org.br\/#organization"},"potentialAction":[{"@type":"SearchAction","target":{"@type":"EntryPoint","urlTemplate":"https:\/\/selvagemciclo.org.br\/?s={search_term_string}"},"query-input":{"@type":"PropertyValueSpecification","valueRequired":true,"valueName":"search_term_string"}}],"inLanguage":"en-GB"},{"@type":"Organization","@id":"https:\/\/selvagemciclo.org.br\/#organization","name":"Selvagem","url":"https:\/\/selvagemciclo.org.br\/","logo":{"@type":"ImageObject","inLanguage":"en-GB","@id":"https:\/\/selvagemciclo.org.br\/#\/schema\/logo\/image\/","url":"https:\/\/selvagemciclo.org.br\/wp-content\/uploads\/2026\/01\/cropped-ICONE_SELVAGEM_2026-1.png","contentUrl":"https:\/\/selvagemciclo.org.br\/wp-content\/uploads\/2026\/01\/cropped-ICONE_SELVAGEM_2026-1.png","width":512,"height":512,"caption":"Selvagem"},"image":{"@id":"https:\/\/selvagemciclo.org.br\/#\/schema\/logo\/image\/"},"sameAs":["https:\/\/www.instagram.com\/selvagem_ciclodeestudos\/","https:\/\/www.youtube.com\/@selvagemciclo8"]},{"@type":"Person","@id":"https:\/\/selvagemciclo.org.br\/#\/schema\/person\/5186b4c87114fbf24b65701276b72b11","name":"selvagem","image":{"@type":"ImageObject","inLanguage":"en-GB","@id":"https:\/\/selvagemciclo.org.br\/#\/schema\/person\/image\/","url":"https:\/\/secure.gravatar.com\/avatar\/ea7feba38ee72ae7ccbdc3dbd40b8ec0ea84bdc8282d84ee0fbe16d75671522c?s=96&d=mm&r=g","contentUrl":"https:\/\/secure.gravatar.com\/avatar\/ea7feba38ee72ae7ccbdc3dbd40b8ec0ea84bdc8282d84ee0fbe16d75671522c?s=96&d=mm&r=g","caption":"selvagem"},"url":"https:\/\/selvagemciclo.org.br\/en\/author\/selvagem\/"}]}},"_links":{"self":[{"href":"https:\/\/selvagemciclo.org.br\/en\/wp-json\/wp\/v2\/posts\/11210","targetHints":{"allow":["GET"]}}],"collection":[{"href":"https:\/\/selvagemciclo.org.br\/en\/wp-json\/wp\/v2\/posts"}],"about":[{"href":"https:\/\/selvagemciclo.org.br\/en\/wp-json\/wp\/v2\/types\/post"}],"author":[{"embeddable":true,"href":"https:\/\/selvagemciclo.org.br\/en\/wp-json\/wp\/v2\/users\/2"}],"replies":[{"embeddable":true,"href":"https:\/\/selvagemciclo.org.br\/en\/wp-json\/wp\/v2\/comments?post=11210"}],"version-history":[{"count":8,"href":"https:\/\/selvagemciclo.org.br\/en\/wp-json\/wp\/v2\/posts\/11210\/revisions"}],"predecessor-version":[{"id":11228,"href":"https:\/\/selvagemciclo.org.br\/en\/wp-json\/wp\/v2\/posts\/11210\/revisions\/11228"}],"wp:featuredmedia":[{"embeddable":true,"href":"https:\/\/selvagemciclo.org.br\/en\/wp-json\/wp\/v2\/media\/11227"}],"wp:attachment":[{"href":"https:\/\/selvagemciclo.org.br\/en\/wp-json\/wp\/v2\/media?parent=11210"}],"wp:term":[{"taxonomy":"category","embeddable":true,"href":"https:\/\/selvagemciclo.org.br\/en\/wp-json\/wp\/v2\/categories?post=11210"},{"taxonomy":"post_tag","embeddable":true,"href":"https:\/\/selvagemciclo.org.br\/en\/wp-json\/wp\/v2\/tags?post=11210"}],"curies":[{"name":"wp","href":"https:\/\/api.w.org\/{rel}","templated":true}]}}