{"id":10619,"date":"2026-02-26T09:56:21","date_gmt":"2026-02-26T12:56:21","guid":{"rendered":"https:\/\/selvagemciclo.org.br\/?p=10619"},"modified":"2026-04-06T14:08:11","modified_gmt":"2026-04-06T17:08:11","slug":"mais-um-ano-de-escolas-vivas","status":"publish","type":"post","link":"https:\/\/selvagemciclo.org.br\/en\/mais-um-ano-de-escolas-vivas\/","title":{"rendered":"ANOTHER YEAR WITH THE LIVING SCHOOLS"},"content":{"rendered":"<div id=\"fws_69f187fe774e2\"  data-column-margin=\"default\" data-midnight=\"dark\"  class=\"wpb_row vc_row-fluid vc_row\"  style=\"padding-top: 0px; padding-bottom: 0px; \"><div class=\"row-bg-wrap\" data-bg-animation=\"none\" data-bg-animation-delay=\"\" data-bg-overlay=\"false\"><div class=\"inner-wrap row-bg-layer\" ><div class=\"row-bg viewport-desktop\"  style=\"\"><\/div><\/div><\/div><div class=\"row_col_wrap_12 col span_12 dark left\">\n\t<div  class=\"vc_col-sm-12 wpb_column column_container vc_column_container col no-extra-padding inherit_tablet inherit_phone\"  data-padding-pos=\"all\" data-has-bg-color=\"false\" data-bg-color=\"\" data-bg-opacity=\"1\" data-animation=\"\" data-delay=\"0\" >\n\t\t<div class=\"vc_column-inner\" >\n\t\t\t<div class=\"wpb_wrapper\">\n\t\t\t\t\n<div class=\"wpb_text_column wpb_content_element\" >\n\t<div class=\"wpb_wrapper\">\n\t\t<h5 style=\"text-align: center;\">ANOTHER YEAR WITH THE LIVING SCHOOLS<\/h5>\n<p style=\"text-align: center;\">26 February 2026<\/p>\n<p>&nbsp;<\/p>\n<p><span style=\"font-weight: 400;\">2026 began with a flurry of activities and aspirations across the 5 projects that make up the Living Schools movement, under the overall coordination of Cristine Taku\u00e1.\u00a0<\/span><\/p>\n<p><span style=\"font-weight: 400;\">Since the start of the year, the monthly funding allocation for each school has increased to <strong>10,000 BRL per month<\/strong>, which has encouraged improvements, new projects and the expansion of opportunities for action in each region.<\/span><\/p>\n<p><span style=\"font-weight: 400;\">Also, coming soon is <strong>a new exhibition by the Living Schools<\/strong>, scheduled to open in June 2026, in partnership with the Tomie Ohtake Institute in S\u00e3o Paulo. Curated by Cristine Taku\u00e1, this exhibition is an unfolding of the <a href=\"https:\/\/selvagemciclo.org.br\/en\/viva-viva-escola-viva\/\">Long Live the Living School exhibition<\/a> and the <a href=\"https:\/\/selvagemciclo.org.br\/en\/residencia-casa-escola-viva\/\">Living School House artistic residency<\/a>, and also includes workshops in each region in preparation for the exhibition, which has been energising and engaging the communities of each Living School since last year.<\/span><\/p>\n<p>&nbsp;<\/p>\n<p><img loading=\"lazy\" decoding=\"async\" class=\"aligncenter size-large wp-image-10640\" src=\"https:\/\/selvagemciclo.org.br\/wp-content\/uploads\/2026\/02\/obras-expo-1024x667.png\" alt=\"\" width=\"1024\" height=\"667\" srcset=\"https:\/\/selvagemciclo.org.br\/wp-content\/uploads\/2026\/02\/obras-expo-1024x667.png 1024w, https:\/\/selvagemciclo.org.br\/wp-content\/uploads\/2026\/02\/obras-expo-300x195.png 300w, https:\/\/selvagemciclo.org.br\/wp-content\/uploads\/2026\/02\/obras-expo-768x500.png 768w, https:\/\/selvagemciclo.org.br\/wp-content\/uploads\/2026\/02\/obras-expo-1536x1001.png 1536w, https:\/\/selvagemciclo.org.br\/wp-content\/uploads\/2026\/02\/obras-expo-2048x1334.png 2048w, https:\/\/selvagemciclo.org.br\/wp-content\/uploads\/2026\/02\/obras-expo-18x12.png 18w\" sizes=\"auto, (max-width: 1024px) 100vw, 1024px\" \/><\/p>\n<p style=\"text-align: center;\"><em>Works commissioned for the exhibition, being created at the Baniwa and Guarani Living Schools<\/em><\/p>\n<p>&nbsp;<\/p>\n<p><span style=\"font-weight: 400;\">The <a href=\"https:\/\/selvagemciclo.org.br\/en\/escola-viva-tukano\/\"><strong>Tukano-Desana-Tuyuka Living School<\/strong><\/a>, based in Manaus, organised a trip earlier this year to the Upper Rio Negro region, engaging in an exchange of knowledge with <\/span><i><span style=\"font-weight: 400;\">kumu\u00e3 specialists<\/span><\/i><span style=\"font-weight: 400;\"> \u2013 specialists in Indigenous health \u2013 and other community leaders.\u00a0<\/span><\/p>\n<p><span style=\"font-weight: 400;\">During this trip, coordinator Jo\u00e3o Paulo Tukano had the opportunity to speak with <strong>Rosa Tukano, a <\/strong><\/span><strong><i>kumu<\/i><\/strong><span style=\"font-weight: 400;\"><strong> woman of the Tukano people<\/strong>. Specialists in this tradition are mostly men, and little is known about female <\/span><i><span style=\"font-weight: 400;\">kumu\u00e3 specialists<\/span><\/i><span style=\"font-weight: 400;\"> in this sense, the meeting with Rosa was very important and special.<\/span><\/p>\n<p><span style=\"font-weight: 400;\"><img loading=\"lazy\" decoding=\"async\" class=\"aligncenter wp-image-10623 size-large\" src=\"https:\/\/selvagemciclo.org.br\/wp-content\/uploads\/2026\/02\/registro-Joao-Paulo-e-especialista-Relatorio-Bahserikowi-1024x768.jpeg\" alt=\"\" width=\"1024\" height=\"768\" srcset=\"https:\/\/selvagemciclo.org.br\/wp-content\/uploads\/2026\/02\/registro-Joao-Paulo-e-especialista-Relatorio-Bahserikowi-1024x768.jpeg 1024w, https:\/\/selvagemciclo.org.br\/wp-content\/uploads\/2026\/02\/registro-Joao-Paulo-e-especialista-Relatorio-Bahserikowi-300x225.jpeg 300w, https:\/\/selvagemciclo.org.br\/wp-content\/uploads\/2026\/02\/registro-Joao-Paulo-e-especialista-Relatorio-Bahserikowi-768x576.jpeg 768w, https:\/\/selvagemciclo.org.br\/wp-content\/uploads\/2026\/02\/registro-Joao-Paulo-e-especialista-Relatorio-Bahserikowi-1536x1152.jpeg 1536w, https:\/\/selvagemciclo.org.br\/wp-content\/uploads\/2026\/02\/registro-Joao-Paulo-e-especialista-Relatorio-Bahserikowi-16x12.jpeg 16w, https:\/\/selvagemciclo.org.br\/wp-content\/uploads\/2026\/02\/registro-Joao-Paulo-e-especialista-Relatorio-Bahserikowi.jpeg 1600w\" sizes=\"auto, (max-width: 1024px) 100vw, 1024px\" \/><\/span><\/p>\n<p style=\"text-align: center;\"><em>Rosa Tukano and Jo\u00e3o Paulo Tukano<\/em><\/p>\n<p><span style=\"font-weight: 400;\">Bahserikowi acts as a link between the villages and the urban centre of Manaus, carrying out important work in the field of <strong>traditional Indigenous medicine<\/strong> and raising awareness of it amongst the population, serving people from all walks of life and engaging in dialogue with institutions. The Centre continues its day-to-day activities, which include providing healthcare to the community with\u00a0<em>kumu\u00e3 specialists<\/em>, producing handicrafts and paintings, organising meetings, and participating in events such as seminars and conferences on health and education.<\/span><\/p>\n<p style=\"text-align: center;\"><em><img loading=\"lazy\" decoding=\"async\" class=\"aligncenter wp-image-10646\" src=\"https:\/\/selvagemciclo.org.br\/wp-content\/uploads\/2026\/02\/aulas-de-karicu-Relatorio-Bahserikowi-1024x768.jpeg\" alt=\"\" width=\"640\" height=\"480\" srcset=\"https:\/\/selvagemciclo.org.br\/wp-content\/uploads\/2026\/02\/aulas-de-karicu-Relatorio-Bahserikowi-1024x768.jpeg 1024w, https:\/\/selvagemciclo.org.br\/wp-content\/uploads\/2026\/02\/aulas-de-karicu-Relatorio-Bahserikowi-300x225.jpeg 300w, https:\/\/selvagemciclo.org.br\/wp-content\/uploads\/2026\/02\/aulas-de-karicu-Relatorio-Bahserikowi-768x576.jpeg 768w, https:\/\/selvagemciclo.org.br\/wp-content\/uploads\/2026\/02\/aulas-de-karicu-Relatorio-Bahserikowi-1536x1152.jpeg 1536w, https:\/\/selvagemciclo.org.br\/wp-content\/uploads\/2026\/02\/aulas-de-karicu-Relatorio-Bahserikowi-16x12.jpeg 16w, https:\/\/selvagemciclo.org.br\/wp-content\/uploads\/2026\/02\/aulas-de-karicu-Relatorio-Bahserikowi.jpeg 1600w\" sizes=\"auto, (max-width: 640px) 100vw, 640px\" \/><br \/>\nOficina de flautas kari\u00e7u com o <\/em>kumu\u00a0<em>Kisibi, na sede do Centro de Medicina Ind\u00edgena Bahserikowi<\/em><\/p>\n<p>Em janeiro, Carla Wisu, que tamb\u00e9m \u00e9 coordenadora no Bahserikowi, foi entrevistada pelo <strong>On Jornal<\/strong>, um ve\u00edculo de m\u00eddia de Manaus, sobre o trabalho com a Escola Viva. Carla apresentou reflex\u00f5es na perspectiva de uma mulher ind\u00edgena, discutindo o que significa a medicina ind\u00edgena para as mulheres na atualidade e como \u00e9 poss\u00edvel trabalhar esse tema no campo da pesquisa, a partir da experi\u00eancia vivida no pr\u00f3prio Centro de Medicina Ind\u00edgena Bahserikowi. <strong>A entrevista est\u00e1 dispon\u00edvel na \u00edntegra <a href=\"https:\/\/www.youtube.com\/watch?v=pR2N2U7FOj8&amp;list=PLKkWziVaIaL0xkpGmLlIxxtlKmwy5Fsex&amp;index=4\">the speech<\/a>.<\/strong><\/p>\n<p><img loading=\"lazy\" decoding=\"async\" class=\"aligncenter wp-image-10631\" src=\"https:\/\/selvagemciclo.org.br\/wp-content\/uploads\/2026\/02\/participando-do-programa-cultura-indigena-carla-wisu-Relatorio-Bahserikowi-768x1024.jpeg\" alt=\"\" width=\"480\" height=\"640\" srcset=\"https:\/\/selvagemciclo.org.br\/wp-content\/uploads\/2026\/02\/participando-do-programa-cultura-indigena-carla-wisu-Relatorio-Bahserikowi-768x1024.jpeg 768w, https:\/\/selvagemciclo.org.br\/wp-content\/uploads\/2026\/02\/participando-do-programa-cultura-indigena-carla-wisu-Relatorio-Bahserikowi-225x300.jpeg 225w, https:\/\/selvagemciclo.org.br\/wp-content\/uploads\/2026\/02\/participando-do-programa-cultura-indigena-carla-wisu-Relatorio-Bahserikowi-1152x1536.jpeg 1152w, https:\/\/selvagemciclo.org.br\/wp-content\/uploads\/2026\/02\/participando-do-programa-cultura-indigena-carla-wisu-Relatorio-Bahserikowi-9x12.jpeg 9w, https:\/\/selvagemciclo.org.br\/wp-content\/uploads\/2026\/02\/participando-do-programa-cultura-indigena-carla-wisu-Relatorio-Bahserikowi.jpeg 1200w\" sizes=\"auto, (max-width: 480px) 100vw, 480px\" \/><\/p>\n<p style=\"text-align: center;\"><em>Entrevista de Carla Wisu no On Jornal<\/em><\/p>\n<p><span style=\"font-weight: 400;\">No caso da <strong><a href=\"https:\/\/selvagemciclo.org.br\/en\/escola-viva-baniwa\/\">the Baniwa Living School<\/a>,<\/strong> o aumento no valor mensal permitiu que <strong>mais 2 mestres da Escola Viva<\/strong> passassem a receber uma ajuda de custo mensal para suas aulas junto \u00e0 comunidade. Em dezembro, aconteceu na comunidade de Assun\u00e7\u00e3o um grande encontro de parteiras, com a participa\u00e7\u00e3o de 2 mestras da Madzerokai, Bibiana Fontes e Isabel. A programa\u00e7\u00e3o do encontro incluiu tamb\u00e9m o compartilhamento de sementes e mudas de plantas utilizadas na medicina tradicional, com o sonho de criar uma farm\u00e1cia tradicional e colaborativa com a Escola Viva e a comunidade.<\/span><\/p>\n<p><img loading=\"lazy\" decoding=\"async\" class=\"aligncenter wp-image-10626\" src=\"https:\/\/selvagemciclo.org.br\/wp-content\/uploads\/2026\/02\/encontros-de-parteiras-Madzerokai-1-1020x1024.jpeg\" alt=\"\" width=\"637\" height=\"640\" srcset=\"https:\/\/selvagemciclo.org.br\/wp-content\/uploads\/2026\/02\/encontros-de-parteiras-Madzerokai-1-1020x1024.jpeg 1020w, https:\/\/selvagemciclo.org.br\/wp-content\/uploads\/2026\/02\/encontros-de-parteiras-Madzerokai-1-300x300.jpeg 300w, https:\/\/selvagemciclo.org.br\/wp-content\/uploads\/2026\/02\/encontros-de-parteiras-Madzerokai-1-150x150.jpeg 150w, https:\/\/selvagemciclo.org.br\/wp-content\/uploads\/2026\/02\/encontros-de-parteiras-Madzerokai-1-768x771.jpeg 768w, https:\/\/selvagemciclo.org.br\/wp-content\/uploads\/2026\/02\/encontros-de-parteiras-Madzerokai-1-1529x1536.jpeg 1529w, https:\/\/selvagemciclo.org.br\/wp-content\/uploads\/2026\/02\/encontros-de-parteiras-Madzerokai-1-12x12.jpeg 12w, https:\/\/selvagemciclo.org.br\/wp-content\/uploads\/2026\/02\/encontros-de-parteiras-Madzerokai-1-140x140.jpeg 140w, https:\/\/selvagemciclo.org.br\/wp-content\/uploads\/2026\/02\/encontros-de-parteiras-Madzerokai-1.jpeg 1592w\" sizes=\"auto, (max-width: 637px) 100vw, 637px\" \/><\/p>\n<p style=\"text-align: center;\"><em>Encontro de parteiras na comunidade de Assun\u00e7\u00e3o<\/em><\/p>\n<p>&nbsp;<\/p>\n<p><span style=\"font-weight: 400;\">A Escola Viva Baniwa segue ativa e engajada na <strong>constructing its new headquarters<\/strong>, uma ampla Casa de Forma\u00e7\u00e3o, incluindo refeit\u00f3rio e alojamento, em um espa\u00e7o onde funcionou a primeira escola da comunidade. O projeto est\u00e1 em sua reta final e deve ser inaugurado ainda no primeiro semestre de 2026.<\/span><\/p>\n<p><span style=\"font-weight: 400;\">Francy Baniwa, coordenadora da Escola Viva Baniwa, conta que, em dezembro e janeiro, a Escola Viva teve dificuldades com a falta de alguns materiais necess\u00e1rios para a constru\u00e7\u00e3o da casa, mas a comunidade se envolveu e encontrou solu\u00e7\u00f5es:<\/span><\/p>\n<p style=\"text-align: right;\"><em><span style=\"font-weight: 400;\">\u201c<\/span><span style=\"font-weight: 400;\">Mesmo com dificuldades a constru\u00e7\u00e3o est\u00e1 em andamento. Mas o importante \u00e9 n\u00e3o deixar o trabalho parado. Essa constru\u00e7\u00e3o \u00e9 importante para comunidade de Assun\u00e7\u00e3o, \u00e9 muito importante para todas as fam\u00edlias e para todos os povos do rio I\u00e7ana e seus afluentes, pois existem, sim, dificuldades para cada projeto, mas devemos mostrar o trabalho com excel\u00eancia para os nossos comunit\u00e1rios. \u00c9 por isso que estamos aqui. E vamos continuar esse trabalho com muita dedica\u00e7\u00e3o.\u201d<\/span><\/em><\/p>\n<p><img loading=\"lazy\" decoding=\"async\" class=\"aligncenter wp-image-10624\" src=\"https:\/\/selvagemciclo.org.br\/wp-content\/uploads\/2026\/02\/baniwa-1-300x169.jpg\" alt=\"\" width=\"854\" height=\"480\" srcset=\"https:\/\/selvagemciclo.org.br\/wp-content\/uploads\/2026\/02\/baniwa-1-300x169.jpg 300w, https:\/\/selvagemciclo.org.br\/wp-content\/uploads\/2026\/02\/baniwa-1-1024x576.jpg 1024w, https:\/\/selvagemciclo.org.br\/wp-content\/uploads\/2026\/02\/baniwa-1-768x432.jpg 768w, https:\/\/selvagemciclo.org.br\/wp-content\/uploads\/2026\/02\/baniwa-1-1536x864.jpg 1536w, https:\/\/selvagemciclo.org.br\/wp-content\/uploads\/2026\/02\/baniwa-1-18x10.jpg 18w, https:\/\/selvagemciclo.org.br\/wp-content\/uploads\/2026\/02\/baniwa-1.jpg 1599w\" sizes=\"auto, (max-width: 854px) 100vw, 854px\" \/><\/p>\n<p><img loading=\"lazy\" decoding=\"async\" class=\"aligncenter wp-image-10625\" src=\"https:\/\/selvagemciclo.org.br\/wp-content\/uploads\/2026\/02\/baniwa-2-300x169.jpg\" alt=\"\" width=\"854\" height=\"480\" srcset=\"https:\/\/selvagemciclo.org.br\/wp-content\/uploads\/2026\/02\/baniwa-2-300x169.jpg 300w, https:\/\/selvagemciclo.org.br\/wp-content\/uploads\/2026\/02\/baniwa-2-1024x576.jpg 1024w, https:\/\/selvagemciclo.org.br\/wp-content\/uploads\/2026\/02\/baniwa-2-768x432.jpg 768w, https:\/\/selvagemciclo.org.br\/wp-content\/uploads\/2026\/02\/baniwa-2-1536x864.jpg 1536w, https:\/\/selvagemciclo.org.br\/wp-content\/uploads\/2026\/02\/baniwa-2-18x10.jpg 18w, https:\/\/selvagemciclo.org.br\/wp-content\/uploads\/2026\/02\/baniwa-2.jpg 1599w\" sizes=\"auto, (max-width: 854px) 100vw, 854px\" \/><\/p>\n<p style=\"text-align: center;\"><em>Nova sede da Madzerokai em constru\u00e7\u00e3o<br \/>\n<\/em><\/p>\n<p><span style=\"font-weight: 400;\">Na <a href=\"https:\/\/selvagemciclo.org.br\/en\/escola-viva-huni-kui\/\"><strong>Huni Kuin Living School<\/strong><\/a>, o paj\u00e9 Dua Bus\u00eb e sua companheira Net\u00eb seguem com o trabalho de cultivo de <strong>plantas medicinais<\/strong> e a transmiss\u00e3o de saberes, artes, of\u00edcios e conhecimento da cultura Huni Kuin. Net\u00eb \u00e9 mestra artes\u00e3 e uma importante lideran\u00e7a feminina em sua comunidade, orientando jovens Huni Kuin em diversas pr\u00e1ticas. Dua Bus\u00eb, al\u00e9m de oferecer aulas regulares em diversas \u00e1reas para sua comunidade, tamb\u00e9m realiza <strong>atendimentos de sa\u00fade<\/strong> com medicina tradicional em sua aldeia, Cora\u00e7\u00e3o da Floresta, e em aldeias vizinhas no Rio Jord\u00e3o.<\/span><\/p>\n<p><span style=\"font-weight: 400;\">Desde o final de 2025, o <strong>Instituto Flor da Floresta &#8211; Ni Hua<\/strong>, com base no munic\u00edpio do Jord\u00e3o, tem colaborado com as a\u00e7\u00f5es e a comunica\u00e7\u00e3o com a Escola Viva Huni Kuin, recebendo Dua Bus\u00eb e outros membros da comunidade para a realiza\u00e7\u00e3o de oficinas e pesquisas sobre saberes medicinais. A comunidade sonha com uma amplia\u00e7\u00e3o dos ro\u00e7ados, do plantio de ervas medicinais e com a constru\u00e7\u00e3o de uma cozinha comunit\u00e1ria.<\/span><\/p>\n<p>&nbsp;<\/p>\n<p><img loading=\"lazy\" decoding=\"async\" class=\"aligncenter size-large wp-image-10641\" src=\"https:\/\/selvagemciclo.org.br\/wp-content\/uploads\/2026\/02\/huni-kuin-1024x670.png\" alt=\"\" width=\"1024\" height=\"670\" srcset=\"https:\/\/selvagemciclo.org.br\/wp-content\/uploads\/2026\/02\/huni-kuin-1024x670.png 1024w, https:\/\/selvagemciclo.org.br\/wp-content\/uploads\/2026\/02\/huni-kuin-300x196.png 300w, https:\/\/selvagemciclo.org.br\/wp-content\/uploads\/2026\/02\/huni-kuin-768x502.png 768w, https:\/\/selvagemciclo.org.br\/wp-content\/uploads\/2026\/02\/huni-kuin-1536x1005.png 1536w, https:\/\/selvagemciclo.org.br\/wp-content\/uploads\/2026\/02\/huni-kuin-2048x1340.png 2048w, https:\/\/selvagemciclo.org.br\/wp-content\/uploads\/2026\/02\/huni-kuin-18x12.png 18w\" sizes=\"auto, (max-width: 1024px) 100vw, 1024px\" \/><\/p>\n<p style=\"text-align: center;\"><em>Oficina com Dua Bus\u00eb, Net\u00eb e comitiva da Escola Viva Huni Kuin, na sede do Instituto Flor da Floresta<\/em><\/p>\n<p><span style=\"font-weight: 400;\"><br \/>\nThe <a href=\"https:\/\/selvagemciclo.org.br\/en\/escola-viva-guarani\/\"><strong>the Guarani Living School<\/strong><\/a>, Arandu Por\u00e3, completou, em janeiro, <strong>a reforma da <\/strong><\/span><strong><i>opy <\/i><\/strong><span style=\"font-weight: 400;\"><strong>circular <\/strong>presente em sua sede<\/span><span style=\"font-weight: 400;\">. A casa de rezas e estudos teve o telhado arrancado pelos ventos de um ciclone extratropical no ano passado, que causou muitos outros danos e levou a meses com muitos mutir\u00f5es de reparos e reforma na Escola Viva.<\/span><\/p>\n<p style=\"text-align: center;\"><em><img loading=\"lazy\" decoding=\"async\" class=\"aligncenter wp-image-10663\" src=\"https:\/\/selvagemciclo.org.br\/wp-content\/uploads\/2026\/02\/WhatsApp-Image-2026-02-24-at-17.19.28-1024x768.jpeg\" alt=\"\" width=\"768\" height=\"576\" srcset=\"https:\/\/selvagemciclo.org.br\/wp-content\/uploads\/2026\/02\/WhatsApp-Image-2026-02-24-at-17.19.28-1024x768.jpeg 1024w, https:\/\/selvagemciclo.org.br\/wp-content\/uploads\/2026\/02\/WhatsApp-Image-2026-02-24-at-17.19.28-300x225.jpeg 300w, https:\/\/selvagemciclo.org.br\/wp-content\/uploads\/2026\/02\/WhatsApp-Image-2026-02-24-at-17.19.28-768x576.jpeg 768w, https:\/\/selvagemciclo.org.br\/wp-content\/uploads\/2026\/02\/WhatsApp-Image-2026-02-24-at-17.19.28-1536x1152.jpeg 1536w, https:\/\/selvagemciclo.org.br\/wp-content\/uploads\/2026\/02\/WhatsApp-Image-2026-02-24-at-17.19.28-16x12.jpeg 16w, https:\/\/selvagemciclo.org.br\/wp-content\/uploads\/2026\/02\/WhatsApp-Image-2026-02-24-at-17.19.28.jpeg 1600w\" sizes=\"auto, (max-width: 768px) 100vw, 768px\" \/><\/em><\/p>\n<p style=\"text-align: center;\"><em>Casa de reza reformada<\/em><\/p>\n<p>Em janeiro, foi realizada tamb\u00e9m <strong>uma oficina de entalhe em madeira e xilogravura<\/strong> na Escola Viva Guarani, que envolveu diversas pessoas da comunidade e muitos jovens; e uma <strong>oficina de pintura<\/strong>, junto ao Instituto Tomie Ohtake, em prepara\u00e7\u00e3o para a exposi\u00e7\u00e3o das Escolas Vivas em junho de 2026. A segunda casa de reza da Arandu Por\u00e3, constru\u00edda no ano passado, tem sido usada frequentemente para encontros, oficinas e cerim\u00f4nias de fortalecimento espiritual. Outros projetos est\u00e3o sendo sonhados e elaborados, como o resgate do cultivo de abelhas nativas na Escola Viva.<\/p>\n<p><img loading=\"lazy\" decoding=\"async\" class=\"aligncenter wp-image-10648\" src=\"https:\/\/selvagemciclo.org.br\/wp-content\/uploads\/2026\/02\/guarani-2-1024x683.jpg\" alt=\"\" width=\"800\" height=\"534\" srcset=\"https:\/\/selvagemciclo.org.br\/wp-content\/uploads\/2026\/02\/guarani-2-1024x683.jpg 1024w, https:\/\/selvagemciclo.org.br\/wp-content\/uploads\/2026\/02\/guarani-2-300x200.jpg 300w, https:\/\/selvagemciclo.org.br\/wp-content\/uploads\/2026\/02\/guarani-2-768x512.jpg 768w, https:\/\/selvagemciclo.org.br\/wp-content\/uploads\/2026\/02\/guarani-2-1536x1024.jpg 1536w, https:\/\/selvagemciclo.org.br\/wp-content\/uploads\/2026\/02\/guarani-2-18x12.jpg 18w, https:\/\/selvagemciclo.org.br\/wp-content\/uploads\/2026\/02\/guarani-2.jpg 1600w\" sizes=\"auto, (max-width: 800px) 100vw, 800px\" \/><\/p>\n<p><img loading=\"lazy\" decoding=\"async\" class=\"aligncenter wp-image-10649\" src=\"https:\/\/selvagemciclo.org.br\/wp-content\/uploads\/2026\/02\/guarani-3-1024x683.jpg\" alt=\"\" width=\"800\" height=\"534\" srcset=\"https:\/\/selvagemciclo.org.br\/wp-content\/uploads\/2026\/02\/guarani-3-1024x683.jpg 1024w, https:\/\/selvagemciclo.org.br\/wp-content\/uploads\/2026\/02\/guarani-3-300x200.jpg 300w, https:\/\/selvagemciclo.org.br\/wp-content\/uploads\/2026\/02\/guarani-3-768x512.jpg 768w, https:\/\/selvagemciclo.org.br\/wp-content\/uploads\/2026\/02\/guarani-3-1536x1024.jpg 1536w, https:\/\/selvagemciclo.org.br\/wp-content\/uploads\/2026\/02\/guarani-3-18x12.jpg 18w, https:\/\/selvagemciclo.org.br\/wp-content\/uploads\/2026\/02\/guarani-3.jpg 1600w\" sizes=\"auto, (max-width: 800px) 100vw, 800px\" \/><\/p>\n<p style=\"text-align: center;\"><em>Oficina de xilogravura com os jovens da Escola Viva Guarani<\/em><\/p>\n<p><span style=\"font-weight: 400;\">The <a href=\"https:\/\/selvagemciclo.org.br\/en\/escola-viva-maxakali\/\"><strong>Maxakali Living School<\/strong><\/a> passou por um per\u00edodo dif\u00edcil no in\u00edcio de 2026, com muitos casos de adoecimentos na comunidade. Nesse momento, o apoio do movimento Escolas Vivas tem garantido que a comunidade mantenha sua autoestima e sa\u00fade atrav\u00e9s do fortalecimento de suas cerim\u00f4nias espirituais, muito importantes para a vida do povo Maxakali. Muitos rituais t\u00eam sido realizados no territ\u00f3rio, para cura e prote\u00e7\u00e3o da comunidade, al\u00e9m do cultivo e partilha de alimentos. <\/span><\/p>\n<p><span style=\"font-weight: 400;\">A Escola Viva segue realizando tamb\u00e9m suas atividades de manejo ecol\u00f3gico, reflorestamento e transmiss\u00e3o de saberes tradicionais Maxakali para os jovens da comunidade.<\/span><\/p>\n<p><img loading=\"lazy\" decoding=\"async\" class=\"aligncenter wp-image-10636\" src=\"https:\/\/selvagemciclo.org.br\/wp-content\/uploads\/2026\/02\/WhatsApp-Image-2026-02-04-at-14.16.16-1-1024x768.jpeg\" alt=\"\" width=\"860\" height=\"645\" srcset=\"https:\/\/selvagemciclo.org.br\/wp-content\/uploads\/2026\/02\/WhatsApp-Image-2026-02-04-at-14.16.16-1-1024x768.jpeg 1024w, https:\/\/selvagemciclo.org.br\/wp-content\/uploads\/2026\/02\/WhatsApp-Image-2026-02-04-at-14.16.16-1-300x225.jpeg 300w, https:\/\/selvagemciclo.org.br\/wp-content\/uploads\/2026\/02\/WhatsApp-Image-2026-02-04-at-14.16.16-1-768x576.jpeg 768w, https:\/\/selvagemciclo.org.br\/wp-content\/uploads\/2026\/02\/WhatsApp-Image-2026-02-04-at-14.16.16-1-16x12.jpeg 16w, https:\/\/selvagemciclo.org.br\/wp-content\/uploads\/2026\/02\/WhatsApp-Image-2026-02-04-at-14.16.16-1.jpeg 1280w\" sizes=\"auto, (max-width: 860px) 100vw, 860px\" \/><\/p>\n<p>&nbsp;<\/p>\n<p><img loading=\"lazy\" decoding=\"async\" class=\"aligncenter size-large wp-image-10642\" src=\"https:\/\/selvagemciclo.org.br\/wp-content\/uploads\/2026\/02\/maxakali-1024x664.png\" alt=\"\" width=\"1024\" height=\"664\" srcset=\"https:\/\/selvagemciclo.org.br\/wp-content\/uploads\/2026\/02\/maxakali-1024x664.png 1024w, https:\/\/selvagemciclo.org.br\/wp-content\/uploads\/2026\/02\/maxakali-300x194.png 300w, https:\/\/selvagemciclo.org.br\/wp-content\/uploads\/2026\/02\/maxakali-768x498.png 768w, https:\/\/selvagemciclo.org.br\/wp-content\/uploads\/2026\/02\/maxakali-1536x996.png 1536w, https:\/\/selvagemciclo.org.br\/wp-content\/uploads\/2026\/02\/maxakali-18x12.png 18w, https:\/\/selvagemciclo.org.br\/wp-content\/uploads\/2026\/02\/maxakali.png 1962w\" sizes=\"auto, (max-width: 1024px) 100vw, 1024px\" \/><\/p>\n<p style=\"text-align: center;\"><em>Preparo e realiza\u00e7\u00e3o de ritual de prote\u00e7\u00e3o na Escola Viva Maxakali<\/em><\/p>\n<p>&nbsp;<\/p>\n<p style=\"text-align: center;\">As Escolas Vivas s\u00e3o um movimento de apoio a esses 5 projetos dedicados ao fortalecimento e a transmiss\u00e3o de saberes tradicionais. Para quem deseja contribuir, \u00e9 poss\u00edvel apoiar financeiramente o movimento <a href=\"https:\/\/selvagemciclo.org.br\/en\/apoie\/\">atrav\u00e9s do nosso site<\/a>.<\/p>\n<p style=\"text-align: center;\">Selvagem and the Living Schools are thankful!<\/p>\n\t<\/div>\n<\/div>\n\n\n\n<div class=\"nectar_video_player_self_hosted wpb_video_widget wpb_content_element vc_clearfix vc_video-aspect-ratio-169 vc_video-el-width-100 vc_video-align-left\" data-border-radius=\"none\" data-shadow=\"none\">\n<div class=\"wpb_wrapper\"><div class=\"wpb_video_wrapper\"><video width=\"1280\" height=\"720\" class=\"nectar-video-self-hosted no-video\" preload=\"auto\" controls controlslist=\"nodownload\"><\/video><\/div><\/div><\/div>\n\t\t\t<\/div> \n\t\t<\/div>\n\t<\/div> \n<\/div><\/div>","protected":false},"excerpt":{"rendered":"MAIS UM ANO DE ESCOLAS VIVAS 26 de fevereiro de 2026 &nbsp; O ano de 2026 come\u00e7ou com muitas atividades e sonhos entre os 5 projetos que integram o movimento Escolas Vivas, com a coordena\u00e7\u00e3o geral de Cristine Taku\u00e1.\u00a0 Desde o in\u00edcio do ano, o repasse financeiro mensal para cada Escola aumentou para R$10.000,00 mensais, o que incentivou melhorias, novos projetos e a amplia\u00e7\u00e3o das possibilidades de a\u00e7\u00e3o de cada territ\u00f3rio. Al\u00e9m disso, vem a\u00ed uma nova exposi\u00e7\u00e3o das Escolas Vivas, com inaugura\u00e7\u00e3o prevista para junho de 2026, em parceria com o Instituto Tomie Ohtake, em S\u00e3o Paulo. Essa exposi\u00e7\u00e3o, com curadoria de Cristine Taku\u00e1, \u00e9 um desdobramento da exposi\u00e7\u00e3o Viva Viva Escola Viva e da resid\u00eancia art\u00edstica Casa Escola Viva, e tamb\u00e9m inclui a realiza\u00e7\u00e3o de oficinas em cada territ\u00f3rio, em prepara\u00e7\u00e3o para a exposi\u00e7\u00e3o, o que tem movimentado e engajado as comunidades de cada Escola Viva desde o ano passado. &nbsp; Obras comissionadas para a exposi\u00e7\u00e3o, sendo criadas...","protected":false},"author":2,"featured_media":10648,"comment_status":"closed","ping_status":"closed","sticky":false,"template":"","format":"standard","meta":{"_acf_changed":false,"footnotes":""},"categories":[79],"tags":[128,15,21,170,169,166],"class_list":["post-10619","post","type-post","status-publish","format-standard","has-post-thumbnail","category-escolas-vivas","tag-baniwa","tag-escolas-vivas","tag-guarani","tag-huni-kuin","tag-maxakali","tag-tukano"],"acf":[],"yoast_head":"<!-- This site is optimized with the Yoast SEO plugin v27.1.1 - https:\/\/yoast.com\/product\/yoast-seo-wordpress\/ -->\n<title>MAIS UM ANO DE ESCOLAS VIVAS - Selvagem<\/title>\n<meta name=\"robots\" content=\"index, follow, max-snippet:-1, max-image-preview:large, max-video-preview:-1\" \/>\n<link rel=\"canonical\" href=\"https:\/\/selvagemciclo.org.br\/en\/mais-um-ano-de-escolas-vivas\/\" \/>\n<meta property=\"og:locale\" content=\"en_GB\" \/>\n<meta property=\"og:type\" content=\"article\" \/>\n<meta property=\"og:title\" content=\"MAIS UM ANO DE ESCOLAS VIVAS - Selvagem\" \/>\n<meta property=\"og:url\" content=\"https:\/\/selvagemciclo.org.br\/en\/mais-um-ano-de-escolas-vivas\/\" \/>\n<meta property=\"og:site_name\" content=\"Selvagem\" \/>\n<meta property=\"article:published_time\" content=\"2026-02-26T12:56:21+00:00\" \/>\n<meta property=\"article:modified_time\" content=\"2026-04-06T17:08:11+00:00\" \/>\n<meta property=\"og:image\" content=\"https:\/\/selvagemciclo.org.br\/wp-content\/uploads\/2026\/02\/guarani-2.jpg\" \/>\n\t<meta property=\"og:image:width\" content=\"1600\" \/>\n\t<meta property=\"og:image:height\" content=\"1067\" \/>\n\t<meta property=\"og:image:type\" content=\"image\/jpeg\" \/>\n<meta name=\"author\" content=\"selvagem\" \/>\n<meta name=\"twitter:card\" content=\"summary_large_image\" \/>\n<meta name=\"twitter:label1\" content=\"Written by\" \/>\n\t<meta name=\"twitter:data1\" content=\"selvagem\" \/>\n\t<meta name=\"twitter:label2\" content=\"Estimated reading time\" \/>\n\t<meta name=\"twitter:data2\" content=\"10 minutes\" \/>\n<script type=\"application\/ld+json\" class=\"yoast-schema-graph\">{\"@context\":\"https:\/\/schema.org\",\"@graph\":[{\"@type\":\"Article\",\"@id\":\"https:\/\/selvagemciclo.org.br\/mais-um-ano-de-escolas-vivas\/#article\",\"isPartOf\":{\"@id\":\"https:\/\/selvagemciclo.org.br\/mais-um-ano-de-escolas-vivas\/\"},\"author\":{\"name\":\"selvagem\",\"@id\":\"https:\/\/selvagemciclo.org.br\/#\/schema\/person\/5186b4c87114fbf24b65701276b72b11\"},\"headline\":\"MAIS UM ANO DE ESCOLAS VIVAS\",\"datePublished\":\"2026-02-26T12:56:21+00:00\",\"dateModified\":\"2026-04-06T17:08:11+00:00\",\"mainEntityOfPage\":{\"@id\":\"https:\/\/selvagemciclo.org.br\/mais-um-ano-de-escolas-vivas\/\"},\"wordCount\":1491,\"publisher\":{\"@id\":\"https:\/\/selvagemciclo.org.br\/#organization\"},\"image\":{\"@id\":\"https:\/\/selvagemciclo.org.br\/mais-um-ano-de-escolas-vivas\/#primaryimage\"},\"thumbnailUrl\":\"https:\/\/selvagemciclo.org.br\/wp-content\/uploads\/2026\/02\/guarani-2.jpg\",\"keywords\":[\"Baniwa\",\"Escolas Vivas\",\"Guarani\",\"huni kuin\",\"maxakali\",\"tukano\"],\"articleSection\":[\"Escolas Vivas\"],\"inLanguage\":\"en-GB\"},{\"@type\":\"WebPage\",\"@id\":\"https:\/\/selvagemciclo.org.br\/mais-um-ano-de-escolas-vivas\/\",\"url\":\"https:\/\/selvagemciclo.org.br\/mais-um-ano-de-escolas-vivas\/\",\"name\":\"MAIS UM ANO DE ESCOLAS VIVAS - Selvagem\",\"isPartOf\":{\"@id\":\"https:\/\/selvagemciclo.org.br\/#website\"},\"primaryImageOfPage\":{\"@id\":\"https:\/\/selvagemciclo.org.br\/mais-um-ano-de-escolas-vivas\/#primaryimage\"},\"image\":{\"@id\":\"https:\/\/selvagemciclo.org.br\/mais-um-ano-de-escolas-vivas\/#primaryimage\"},\"thumbnailUrl\":\"https:\/\/selvagemciclo.org.br\/wp-content\/uploads\/2026\/02\/guarani-2.jpg\",\"datePublished\":\"2026-02-26T12:56:21+00:00\",\"dateModified\":\"2026-04-06T17:08:11+00:00\",\"breadcrumb\":{\"@id\":\"https:\/\/selvagemciclo.org.br\/mais-um-ano-de-escolas-vivas\/#breadcrumb\"},\"inLanguage\":\"en-GB\",\"potentialAction\":[{\"@type\":\"ReadAction\",\"target\":[\"https:\/\/selvagemciclo.org.br\/mais-um-ano-de-escolas-vivas\/\"]}]},{\"@type\":\"ImageObject\",\"inLanguage\":\"en-GB\",\"@id\":\"https:\/\/selvagemciclo.org.br\/mais-um-ano-de-escolas-vivas\/#primaryimage\",\"url\":\"https:\/\/selvagemciclo.org.br\/wp-content\/uploads\/2026\/02\/guarani-2.jpg\",\"contentUrl\":\"https:\/\/selvagemciclo.org.br\/wp-content\/uploads\/2026\/02\/guarani-2.jpg\",\"width\":1600,\"height\":1067},{\"@type\":\"BreadcrumbList\",\"@id\":\"https:\/\/selvagemciclo.org.br\/mais-um-ano-de-escolas-vivas\/#breadcrumb\",\"itemListElement\":[{\"@type\":\"ListItem\",\"position\":1,\"name\":\"In\u00edcio\",\"item\":\"https:\/\/selvagemciclo.org.br\/\"},{\"@type\":\"ListItem\",\"position\":2,\"name\":\"MAIS UM ANO DE ESCOLAS VIVAS\"}]},{\"@type\":\"WebSite\",\"@id\":\"https:\/\/selvagemciclo.org.br\/#website\",\"url\":\"https:\/\/selvagemciclo.org.br\/\",\"name\":\"Selvagem\",\"description\":\"Ciclo de estudos sobre a vida\",\"publisher\":{\"@id\":\"https:\/\/selvagemciclo.org.br\/#organization\"},\"potentialAction\":[{\"@type\":\"SearchAction\",\"target\":{\"@type\":\"EntryPoint\",\"urlTemplate\":\"https:\/\/selvagemciclo.org.br\/?s={search_term_string}\"},\"query-input\":{\"@type\":\"PropertyValueSpecification\",\"valueRequired\":true,\"valueName\":\"search_term_string\"}}],\"inLanguage\":\"en-GB\"},{\"@type\":\"Organization\",\"@id\":\"https:\/\/selvagemciclo.org.br\/#organization\",\"name\":\"Selvagem\",\"url\":\"https:\/\/selvagemciclo.org.br\/\",\"logo\":{\"@type\":\"ImageObject\",\"inLanguage\":\"en-GB\",\"@id\":\"https:\/\/selvagemciclo.org.br\/#\/schema\/logo\/image\/\",\"url\":\"https:\/\/selvagemciclo.org.br\/wp-content\/uploads\/2026\/01\/cropped-ICONE_SELVAGEM_2026-1.png\",\"contentUrl\":\"https:\/\/selvagemciclo.org.br\/wp-content\/uploads\/2026\/01\/cropped-ICONE_SELVAGEM_2026-1.png\",\"width\":512,\"height\":512,\"caption\":\"Selvagem\"},\"image\":{\"@id\":\"https:\/\/selvagemciclo.org.br\/#\/schema\/logo\/image\/\"},\"sameAs\":[\"https:\/\/www.instagram.com\/selvagem_ciclodeestudos\/\",\"https:\/\/www.youtube.com\/@selvagemciclo8\"]},{\"@type\":\"Person\",\"@id\":\"https:\/\/selvagemciclo.org.br\/#\/schema\/person\/5186b4c87114fbf24b65701276b72b11\",\"name\":\"selvagem\",\"image\":{\"@type\":\"ImageObject\",\"inLanguage\":\"en-GB\",\"@id\":\"https:\/\/selvagemciclo.org.br\/#\/schema\/person\/image\/\",\"url\":\"https:\/\/secure.gravatar.com\/avatar\/ea7feba38ee72ae7ccbdc3dbd40b8ec0ea84bdc8282d84ee0fbe16d75671522c?s=96&d=mm&r=g\",\"contentUrl\":\"https:\/\/secure.gravatar.com\/avatar\/ea7feba38ee72ae7ccbdc3dbd40b8ec0ea84bdc8282d84ee0fbe16d75671522c?s=96&d=mm&r=g\",\"caption\":\"selvagem\"},\"url\":\"https:\/\/selvagemciclo.org.br\/en\/author\/selvagem\/\"}]}<\/script>\n<!-- \/ Yoast SEO plugin. -->","yoast_head_json":{"title":"MAIS UM ANO DE ESCOLAS VIVAS - Selvagem","robots":{"index":"index","follow":"follow","max-snippet":"max-snippet:-1","max-image-preview":"max-image-preview:large","max-video-preview":"max-video-preview:-1"},"canonical":"https:\/\/selvagemciclo.org.br\/en\/mais-um-ano-de-escolas-vivas\/","og_locale":"en_GB","og_type":"article","og_title":"MAIS UM ANO DE ESCOLAS VIVAS - Selvagem","og_url":"https:\/\/selvagemciclo.org.br\/en\/mais-um-ano-de-escolas-vivas\/","og_site_name":"Selvagem","article_published_time":"2026-02-26T12:56:21+00:00","article_modified_time":"2026-04-06T17:08:11+00:00","og_image":[{"width":1600,"height":1067,"url":"https:\/\/selvagemciclo.org.br\/wp-content\/uploads\/2026\/02\/guarani-2.jpg","type":"image\/jpeg"}],"author":"selvagem","twitter_card":"summary_large_image","twitter_misc":{"Written by":"selvagem","Estimated reading time":"10 minutes"},"schema":{"@context":"https:\/\/schema.org","@graph":[{"@type":"Article","@id":"https:\/\/selvagemciclo.org.br\/mais-um-ano-de-escolas-vivas\/#article","isPartOf":{"@id":"https:\/\/selvagemciclo.org.br\/mais-um-ano-de-escolas-vivas\/"},"author":{"name":"selvagem","@id":"https:\/\/selvagemciclo.org.br\/#\/schema\/person\/5186b4c87114fbf24b65701276b72b11"},"headline":"MAIS UM ANO DE ESCOLAS VIVAS","datePublished":"2026-02-26T12:56:21+00:00","dateModified":"2026-04-06T17:08:11+00:00","mainEntityOfPage":{"@id":"https:\/\/selvagemciclo.org.br\/mais-um-ano-de-escolas-vivas\/"},"wordCount":1491,"publisher":{"@id":"https:\/\/selvagemciclo.org.br\/#organization"},"image":{"@id":"https:\/\/selvagemciclo.org.br\/mais-um-ano-de-escolas-vivas\/#primaryimage"},"thumbnailUrl":"https:\/\/selvagemciclo.org.br\/wp-content\/uploads\/2026\/02\/guarani-2.jpg","keywords":["Baniwa","Escolas Vivas","Guarani","huni kuin","maxakali","tukano"],"articleSection":["Escolas Vivas"],"inLanguage":"en-GB"},{"@type":"WebPage","@id":"https:\/\/selvagemciclo.org.br\/mais-um-ano-de-escolas-vivas\/","url":"https:\/\/selvagemciclo.org.br\/mais-um-ano-de-escolas-vivas\/","name":"MAIS UM ANO DE ESCOLAS VIVAS - Selvagem","isPartOf":{"@id":"https:\/\/selvagemciclo.org.br\/#website"},"primaryImageOfPage":{"@id":"https:\/\/selvagemciclo.org.br\/mais-um-ano-de-escolas-vivas\/#primaryimage"},"image":{"@id":"https:\/\/selvagemciclo.org.br\/mais-um-ano-de-escolas-vivas\/#primaryimage"},"thumbnailUrl":"https:\/\/selvagemciclo.org.br\/wp-content\/uploads\/2026\/02\/guarani-2.jpg","datePublished":"2026-02-26T12:56:21+00:00","dateModified":"2026-04-06T17:08:11+00:00","breadcrumb":{"@id":"https:\/\/selvagemciclo.org.br\/mais-um-ano-de-escolas-vivas\/#breadcrumb"},"inLanguage":"en-GB","potentialAction":[{"@type":"ReadAction","target":["https:\/\/selvagemciclo.org.br\/mais-um-ano-de-escolas-vivas\/"]}]},{"@type":"ImageObject","inLanguage":"en-GB","@id":"https:\/\/selvagemciclo.org.br\/mais-um-ano-de-escolas-vivas\/#primaryimage","url":"https:\/\/selvagemciclo.org.br\/wp-content\/uploads\/2026\/02\/guarani-2.jpg","contentUrl":"https:\/\/selvagemciclo.org.br\/wp-content\/uploads\/2026\/02\/guarani-2.jpg","width":1600,"height":1067},{"@type":"BreadcrumbList","@id":"https:\/\/selvagemciclo.org.br\/mais-um-ano-de-escolas-vivas\/#breadcrumb","itemListElement":[{"@type":"ListItem","position":1,"name":"In\u00edcio","item":"https:\/\/selvagemciclo.org.br\/"},{"@type":"ListItem","position":2,"name":"MAIS UM ANO DE ESCOLAS VIVAS"}]},{"@type":"WebSite","@id":"https:\/\/selvagemciclo.org.br\/#website","url":"https:\/\/selvagemciclo.org.br\/","name":"Selvagem","description":"Ciclo de estudos sobre a vida","publisher":{"@id":"https:\/\/selvagemciclo.org.br\/#organization"},"potentialAction":[{"@type":"SearchAction","target":{"@type":"EntryPoint","urlTemplate":"https:\/\/selvagemciclo.org.br\/?s={search_term_string}"},"query-input":{"@type":"PropertyValueSpecification","valueRequired":true,"valueName":"search_term_string"}}],"inLanguage":"en-GB"},{"@type":"Organization","@id":"https:\/\/selvagemciclo.org.br\/#organization","name":"Selvagem","url":"https:\/\/selvagemciclo.org.br\/","logo":{"@type":"ImageObject","inLanguage":"en-GB","@id":"https:\/\/selvagemciclo.org.br\/#\/schema\/logo\/image\/","url":"https:\/\/selvagemciclo.org.br\/wp-content\/uploads\/2026\/01\/cropped-ICONE_SELVAGEM_2026-1.png","contentUrl":"https:\/\/selvagemciclo.org.br\/wp-content\/uploads\/2026\/01\/cropped-ICONE_SELVAGEM_2026-1.png","width":512,"height":512,"caption":"Selvagem"},"image":{"@id":"https:\/\/selvagemciclo.org.br\/#\/schema\/logo\/image\/"},"sameAs":["https:\/\/www.instagram.com\/selvagem_ciclodeestudos\/","https:\/\/www.youtube.com\/@selvagemciclo8"]},{"@type":"Person","@id":"https:\/\/selvagemciclo.org.br\/#\/schema\/person\/5186b4c87114fbf24b65701276b72b11","name":"selvagem","image":{"@type":"ImageObject","inLanguage":"en-GB","@id":"https:\/\/selvagemciclo.org.br\/#\/schema\/person\/image\/","url":"https:\/\/secure.gravatar.com\/avatar\/ea7feba38ee72ae7ccbdc3dbd40b8ec0ea84bdc8282d84ee0fbe16d75671522c?s=96&d=mm&r=g","contentUrl":"https:\/\/secure.gravatar.com\/avatar\/ea7feba38ee72ae7ccbdc3dbd40b8ec0ea84bdc8282d84ee0fbe16d75671522c?s=96&d=mm&r=g","caption":"selvagem"},"url":"https:\/\/selvagemciclo.org.br\/en\/author\/selvagem\/"}]}},"_links":{"self":[{"href":"https:\/\/selvagemciclo.org.br\/en\/wp-json\/wp\/v2\/posts\/10619","targetHints":{"allow":["GET"]}}],"collection":[{"href":"https:\/\/selvagemciclo.org.br\/en\/wp-json\/wp\/v2\/posts"}],"about":[{"href":"https:\/\/selvagemciclo.org.br\/en\/wp-json\/wp\/v2\/types\/post"}],"author":[{"embeddable":true,"href":"https:\/\/selvagemciclo.org.br\/en\/wp-json\/wp\/v2\/users\/2"}],"replies":[{"embeddable":true,"href":"https:\/\/selvagemciclo.org.br\/en\/wp-json\/wp\/v2\/comments?post=10619"}],"version-history":[{"count":20,"href":"https:\/\/selvagemciclo.org.br\/en\/wp-json\/wp\/v2\/posts\/10619\/revisions"}],"predecessor-version":[{"id":10685,"href":"https:\/\/selvagemciclo.org.br\/en\/wp-json\/wp\/v2\/posts\/10619\/revisions\/10685"}],"wp:featuredmedia":[{"embeddable":true,"href":"https:\/\/selvagemciclo.org.br\/en\/wp-json\/wp\/v2\/media\/10648"}],"wp:attachment":[{"href":"https:\/\/selvagemciclo.org.br\/en\/wp-json\/wp\/v2\/media?parent=10619"}],"wp:term":[{"taxonomy":"category","embeddable":true,"href":"https:\/\/selvagemciclo.org.br\/en\/wp-json\/wp\/v2\/categories?post=10619"},{"taxonomy":"post_tag","embeddable":true,"href":"https:\/\/selvagemciclo.org.br\/en\/wp-json\/wp\/v2\/tags?post=10619"}],"curies":[{"name":"wp","href":"https:\/\/api.w.org\/{rel}","templated":true}]}}