{"id":10031,"date":"2025-12-04T08:02:11","date_gmt":"2025-12-04T11:02:11","guid":{"rendered":"https:\/\/selvagemciclo.org.br\/?p=10031"},"modified":"2025-12-09T11:13:02","modified_gmt":"2025-12-09T14:13:02","slug":"encontro-em-volta-do-fogo","status":"publish","type":"post","link":"https:\/\/selvagemciclo.org.br\/en\/encontro-em-volta-do-fogo\/","title":{"rendered":"A MEETING AROUND THE FIRE"},"content":{"rendered":"<h5 style=\"text-align: center;\">A MEETING AROUND THE FIRE<\/h5>\n<h5 style=\"text-align: center;\">Cristine Taku\u00e1<\/h5>\n<p style=\"text-align: center;\">4 December 2025<\/p>\n<p>&nbsp;<\/p>\n<p><a href=\"https:\/\/selvagemciclo.org.br\/wp-content\/uploads\/2025\/12\/todos.jpg\"><img loading=\"lazy\" decoding=\"async\" class=\"aligncenter wp-image-10032\" src=\"https:\/\/selvagemciclo.org.br\/wp-content\/uploads\/2025\/12\/todos.jpg\" alt=\"\" width=\"800\" height=\"600\" srcset=\"https:\/\/selvagemciclo.org.br\/wp-content\/uploads\/2025\/12\/todos.jpg 933w, https:\/\/selvagemciclo.org.br\/wp-content\/uploads\/2025\/12\/todos-300x225.jpg 300w, https:\/\/selvagemciclo.org.br\/wp-content\/uploads\/2025\/12\/todos-768x576.jpg 768w, https:\/\/selvagemciclo.org.br\/wp-content\/uploads\/2025\/12\/todos-16x12.jpg 16w\" sizes=\"auto, (max-width: 800px) 100vw, 800px\" \/><\/a><\/p>\n<p style=\"text-align: left;\"><i><span style=\"font-weight: 400;\">I have learned from the Guarani elder women\u00a0<\/span><\/i><\/p>\n<p style=\"text-align: left;\"><i><span style=\"font-weight: 400;\">that fire is a serious and sacred matter.<\/span><\/i><\/p>\n<p style=\"text-align: left;\"><i><span style=\"font-weight: 400;\">Grandma Fire and Grandpa Fire sustain\u00a0<\/span><\/i><\/p>\n<p style=\"text-align: left;\"><i><span style=\"font-weight: 400;\">and hold the Earth firm and warm.<\/span><\/i><\/p>\n<p style=\"text-align: left;\"><i><span style=\"font-weight: 400;\">The earth feeds and shelters us.\u00a0<\/span><\/i><\/p>\n<p style=\"text-align: left;\"><i><span style=\"font-weight: 400;\">Fire, with their ancestral power,\u00a0<\/span><\/i><\/p>\n<p style=\"text-align: left;\"><i><span style=\"font-weight: 400;\">illuminates us and dispels all evil.<\/span><\/i><\/p>\n<p><span style=\"font-weight: 400;\">For a long time I dreamed of experiencing an encounter with the Guarani, Maxakali, and Huni Kuin praying people. In 2017, I had a very profound dream that gave me guidance to organize this great prayer. When I woke up from this dream, I reflected on the messages and started finding ways to make it happen. Years passed, the pandemic came, then changes in life, and I saw the Living Schools blossom. Eight years after that dream, today, coordinating the Living Schools project under the guidance of Anna Dantes, with the Selvagem Association and the collective of each Living School, we have managed to make this possibility of exchange sprout. In October, after the <\/span><a href=\"https:\/\/selvagemciclo.org.br\/en\/residencia-casa-escola-viva\/\"><span style=\"font-weight: 400;\">Living School House artistic residency<\/span><\/a><span style=\"font-weight: 400;\">we came with the Living Schools delegations to Rio Silveira Village, my home.<\/span><\/p>\n<p><span style=\"font-weight: 400;\">Those were truly enchanting days, when we were able to walk in the forest and share experiences, challenges, and dreams with my Maxakali relatives who came with Isael and Sueli: Mamei, Isabelinha, and some children; the Huni Kuin family, in the presence of Professor Dua Bus\u00eb and his partner Net\u00eb, Jos\u00e9 Maia Yube and his sister Ayani; the Guarani people from the community; the distinguished presence of Professor Francisco Baniwa, as well as my friend and partner in dreams Veronica Pinheiro and Daniel, from the Selvagem team. We roasted fish, played the flute, admired the Karaja Amb\u00e1 mountain, and even saw the sea.<\/span><\/p>\n\n\t\t<style type=\"text\/css\">\n\t\t\t#gallery-1 {\n\t\t\t\tmargin: auto;\n\t\t\t}\n\t\t\t#gallery-1 .gallery-item {\n\t\t\t\tfloat: left;\n\t\t\t\tmargin-top: 10px;\n\t\t\t\ttext-align: center;\n\t\t\t\twidth: 33%;\n\t\t\t}\n\t\t\t#gallery-1 img {\n\t\t\t\tborder: 2px solid #cfcfcf;\n\t\t\t}\n\t\t\t#gallery-1 .gallery-caption {\n\t\t\t\tmargin-left: 0;\n\t\t\t}\n\t\t\t\/* see gallery_shortcode() in wp-includes\/media.php *\/\n\t\t<\/style>\n\t\t<div id='gallery-1' class='gallery galleryid-10031 gallery-columns-3 gallery-size-medium'><dl class='gallery-item'>\n\t\t\t<dt class='gallery-icon portrait'>\n\t\t\t\t<a href='https:\/\/selvagemciclo.org.br\/wp-content\/uploads\/2025\/12\/duabuse.jpg'><img loading=\"lazy\" decoding=\"async\" width=\"225\" height=\"300\" src=\"https:\/\/selvagemciclo.org.br\/wp-content\/uploads\/2025\/12\/duabuse-225x300.jpg\" class=\"attachment-medium size-medium\" alt=\"\" srcset=\"https:\/\/selvagemciclo.org.br\/wp-content\/uploads\/2025\/12\/duabuse-225x300.jpg 225w, https:\/\/selvagemciclo.org.br\/wp-content\/uploads\/2025\/12\/duabuse-9x12.jpg 9w, https:\/\/selvagemciclo.org.br\/wp-content\/uploads\/2025\/12\/duabuse.jpg 700w\" sizes=\"auto, (max-width: 225px) 100vw, 225px\" \/><\/a>\n\t\t\t<\/dt><\/dl><dl class='gallery-item'>\n\t\t\t<dt class='gallery-icon portrait'>\n\t\t\t\t<a href='https:\/\/selvagemciclo.org.br\/wp-content\/uploads\/2025\/12\/peixe.jpg'><img loading=\"lazy\" decoding=\"async\" width=\"225\" height=\"300\" src=\"https:\/\/selvagemciclo.org.br\/wp-content\/uploads\/2025\/12\/peixe-225x300.jpg\" class=\"attachment-medium size-medium\" alt=\"\" srcset=\"https:\/\/selvagemciclo.org.br\/wp-content\/uploads\/2025\/12\/peixe-225x300.jpg 225w, https:\/\/selvagemciclo.org.br\/wp-content\/uploads\/2025\/12\/peixe-9x12.jpg 9w, https:\/\/selvagemciclo.org.br\/wp-content\/uploads\/2025\/12\/peixe.jpg 700w\" sizes=\"auto, (max-width: 225px) 100vw, 225px\" \/><\/a>\n\t\t\t<\/dt><\/dl><dl class='gallery-item'>\n\t\t\t<dt class='gallery-icon portrait'>\n\t\t\t\t<a href='https:\/\/selvagemciclo.org.br\/wp-content\/uploads\/2025\/12\/ve_cris.jpg'><img loading=\"lazy\" decoding=\"async\" width=\"225\" height=\"300\" src=\"https:\/\/selvagemciclo.org.br\/wp-content\/uploads\/2025\/12\/ve_cris-225x300.jpg\" class=\"attachment-medium size-medium\" alt=\"\" srcset=\"https:\/\/selvagemciclo.org.br\/wp-content\/uploads\/2025\/12\/ve_cris-225x300.jpg 225w, https:\/\/selvagemciclo.org.br\/wp-content\/uploads\/2025\/12\/ve_cris-9x12.jpg 9w, https:\/\/selvagemciclo.org.br\/wp-content\/uploads\/2025\/12\/ve_cris.jpg 700w\" sizes=\"auto, (max-width: 225px) 100vw, 225px\" \/><\/a>\n\t\t\t<\/dt><\/dl><br style=\"clear: both\" \/>\n\t\t<\/div>\n\n<p><span style=\"font-weight: 400;\">One of the most profound and meaningful exchanges during this gathering was the circle around the fire at the Opy, our prayer house in the middle of the forest. We all went there at the end of the day, and before the sun went down, we were all gathered around the sacred fire waiting for the ceremony to begin. For several years now, Pap\u00e1 and I have been taking care of the prayer house and performing spiritual ceremonies to heal, animate the spirit, and also to treat some young people with alcoholism problems. Sometimes we consecrate the medicine of the Mo\u00e3'i vine, as we call the teacher of the forest. In recent years, we have been doing a lot of exchanges with my Maxakali relatives to strengthen the body and spirit, so that we can then heal the earth. The Living School practice has also been active in teaching this dialogue with the teacher plants and seeking to heal the wounds that the colonial process left in many of us. Isael Maxakali and paj\u00e9 Mamei speak of medicine as a yamiy, like taking a spirit vine. Many teachings have blossomed in these studies late into the night.<\/span><\/p>\n<p><span style=\"font-weight: 400;\">But at this gathering, we experienced something even more special, because we were in the presence of Master Dua Bus\u00eb, teacher of the sacred songs taught by the boa constrictor. And also Net\u00eb, who served Mo\u00e3\u2019i with me to everyone present. There were about 30 of us in the small Opy, but we spent the whole night there, the children dreaming and us in concentration, singing, listening to stories, and receiving messages from the Yuxibu, the Yamiyxop, and Nhanderu. A very special presence who accompanied us as we gathered around the fire was Professor Francisco Baniwa, who told the stories of the Rio Negro with great depth. It was very moving to listen to Francisco that night and feel how much that encounter would strengthen him and give strength to him and his entire family.\u00a0<\/span><\/p>\n\n\t\t<style type=\"text\/css\">\n\t\t\t#gallery-2 {\n\t\t\t\tmargin: auto;\n\t\t\t}\n\t\t\t#gallery-2 .gallery-item {\n\t\t\t\tfloat: left;\n\t\t\t\tmargin-top: 10px;\n\t\t\t\ttext-align: center;\n\t\t\t\twidth: 50%;\n\t\t\t}\n\t\t\t#gallery-2 img {\n\t\t\t\tborder: 2px solid #cfcfcf;\n\t\t\t}\n\t\t\t#gallery-2 .gallery-caption {\n\t\t\t\tmargin-left: 0;\n\t\t\t}\n\t\t\t\/* see gallery_shortcode() in wp-includes\/media.php *\/\n\t\t<\/style>\n\t\t<div id='gallery-2' class='gallery galleryid-10031 gallery-columns-2 gallery-size-medium'><dl class='gallery-item'>\n\t\t\t<dt class='gallery-icon landscape'>\n\t\t\t\t<a href='https:\/\/selvagemciclo.org.br\/en\/encontro-em-volta-do-fogo\/casa_rezo\/'><img loading=\"lazy\" decoding=\"async\" width=\"300\" height=\"225\" src=\"https:\/\/selvagemciclo.org.br\/wp-content\/uploads\/2025\/12\/casa_rezo-300x225.jpg\" class=\"attachment-medium size-medium\" alt=\"\" srcset=\"https:\/\/selvagemciclo.org.br\/wp-content\/uploads\/2025\/12\/casa_rezo-300x225.jpg 300w, https:\/\/selvagemciclo.org.br\/wp-content\/uploads\/2025\/12\/casa_rezo-768x576.jpg 768w, https:\/\/selvagemciclo.org.br\/wp-content\/uploads\/2025\/12\/casa_rezo-16x12.jpg 16w, https:\/\/selvagemciclo.org.br\/wp-content\/uploads\/2025\/12\/casa_rezo.jpg 933w\" sizes=\"auto, (max-width: 300px) 100vw, 300px\" \/><\/a>\n\t\t\t<\/dt><\/dl><dl class='gallery-item'>\n\t\t\t<dt class='gallery-icon landscape'>\n\t\t\t\t<a href='https:\/\/selvagemciclo.org.br\/en\/encontro-em-volta-do-fogo\/img-20251028-wa0058_bx\/'><img loading=\"lazy\" decoding=\"async\" width=\"300\" height=\"225\" src=\"https:\/\/selvagemciclo.org.br\/wp-content\/uploads\/2025\/12\/IMG-20251028-WA0058_bx-300x225.jpg\" class=\"attachment-medium size-medium\" alt=\"\" srcset=\"https:\/\/selvagemciclo.org.br\/wp-content\/uploads\/2025\/12\/IMG-20251028-WA0058_bx-300x225.jpg 300w, https:\/\/selvagemciclo.org.br\/wp-content\/uploads\/2025\/12\/IMG-20251028-WA0058_bx-768x576.jpg 768w, https:\/\/selvagemciclo.org.br\/wp-content\/uploads\/2025\/12\/IMG-20251028-WA0058_bx-16x12.jpg 16w, https:\/\/selvagemciclo.org.br\/wp-content\/uploads\/2025\/12\/IMG-20251028-WA0058_bx.jpg 933w\" sizes=\"auto, (max-width: 300px) 100vw, 300px\" \/><\/a>\n\t\t\t<\/dt><\/dl><br style=\"clear: both\" \/><dl class='gallery-item'>\n\t\t\t<dt class='gallery-icon landscape'>\n\t\t\t\t<a href='https:\/\/selvagemciclo.org.br\/en\/encontro-em-volta-do-fogo\/fogo\/'><img loading=\"lazy\" decoding=\"async\" width=\"300\" height=\"300\" src=\"https:\/\/selvagemciclo.org.br\/wp-content\/uploads\/2025\/12\/fogo-e1764846240424-300x300.jpg\" class=\"attachment-medium size-medium\" alt=\"\" srcset=\"https:\/\/selvagemciclo.org.br\/wp-content\/uploads\/2025\/12\/fogo-e1764846240424-300x300.jpg 300w, https:\/\/selvagemciclo.org.br\/wp-content\/uploads\/2025\/12\/fogo-e1764846240424-150x150.jpg 150w, https:\/\/selvagemciclo.org.br\/wp-content\/uploads\/2025\/12\/fogo-e1764846240424-12x12.jpg 12w, https:\/\/selvagemciclo.org.br\/wp-content\/uploads\/2025\/12\/fogo-e1764846240424-140x140.jpg 140w, https:\/\/selvagemciclo.org.br\/wp-content\/uploads\/2025\/12\/fogo-e1764846240424.jpg 525w\" sizes=\"auto, (max-width: 300px) 100vw, 300px\" \/><\/a>\n\t\t\t<\/dt><\/dl><dl class='gallery-item'>\n\t\t\t<dt class='gallery-icon landscape'>\n\t\t\t\t<a href='https:\/\/selvagemciclo.org.br\/en\/encontro-em-volta-do-fogo\/img-20251029-wa00282\/'><img loading=\"lazy\" decoding=\"async\" width=\"300\" height=\"300\" src=\"https:\/\/selvagemciclo.org.br\/wp-content\/uploads\/2025\/12\/IMG-20251029-WA00282-e1764846347388-300x300.jpg\" class=\"attachment-medium size-medium\" alt=\"\" srcset=\"https:\/\/selvagemciclo.org.br\/wp-content\/uploads\/2025\/12\/IMG-20251029-WA00282-e1764846347388-300x300.jpg 300w, https:\/\/selvagemciclo.org.br\/wp-content\/uploads\/2025\/12\/IMG-20251029-WA00282-e1764846347388-150x150.jpg 150w, https:\/\/selvagemciclo.org.br\/wp-content\/uploads\/2025\/12\/IMG-20251029-WA00282-e1764846347388-12x12.jpg 12w, https:\/\/selvagemciclo.org.br\/wp-content\/uploads\/2025\/12\/IMG-20251029-WA00282-e1764846347388-140x140.jpg 140w, https:\/\/selvagemciclo.org.br\/wp-content\/uploads\/2025\/12\/IMG-20251029-WA00282-e1764846347388.jpg 719w\" sizes=\"auto, (max-width: 300px) 100vw, 300px\" \/><\/a>\n\t\t\t<\/dt><\/dl><br style=\"clear: both\" \/>\n\t\t<\/div>\n\n<p><span style=\"font-weight: 400;\">The night was long, with many sensitive processes and a lot of emotion. When the day dawned and Sun began to shine again, everyone got up to pay homage to the Sun and the forest, who had welcomed us throughout the night. Little by little, we returned to my house to rest. In the middle of the next day, we received a visit from Nastassja Martin, her daughter, and Idjahure, who came to accompany the exchange experiences with the Living Schools.<\/span><\/p>\n<p><span style=\"font-weight: 400;\">During the days that followed, we roasted fish and listened to many stories from the shaman Mamei Maxakali, the shaman Dua Bus\u00eb Huni Kuin, the xamoi Carlos Pap\u00e1, and Professor Francisco Baniwa. Each one said \u201cfish,\u201d \u201cwatermelon,\u201d \u201cbanana,\u201d and \u201cstone\u201d in their own language. We exchanged words, dreams, and lots of laughter.<\/span><\/p>\n<p><span style=\"font-weight: 400;\">Long live the Living Schools, that keep beating in our hearts and minds, awakening memories and sparking the energy that springs from excitement, through the care and affection of allowing ourselves to be wild with each new dawn.<\/span><\/p>\n\n\t\t<style type=\"text\/css\">\n\t\t\t#gallery-3 {\n\t\t\t\tmargin: auto;\n\t\t\t}\n\t\t\t#gallery-3 .gallery-item {\n\t\t\t\tfloat: left;\n\t\t\t\tmargin-top: 10px;\n\t\t\t\ttext-align: center;\n\t\t\t\twidth: 50%;\n\t\t\t}\n\t\t\t#gallery-3 img {\n\t\t\t\tborder: 2px solid #cfcfcf;\n\t\t\t}\n\t\t\t#gallery-3 .gallery-caption {\n\t\t\t\tmargin-left: 0;\n\t\t\t}\n\t\t\t\/* see gallery_shortcode() in wp-includes\/media.php *\/\n\t\t<\/style>\n\t\t<div id='gallery-3' class='gallery galleryid-10031 gallery-columns-2 gallery-size-medium'><dl class='gallery-item'>\n\t\t\t<dt class='gallery-icon portrait'>\n\t\t\t\t<a href='https:\/\/selvagemciclo.org.br\/wp-content\/uploads\/2025\/12\/hunikuin_Nastasja.jpg'><img loading=\"lazy\" decoding=\"async\" width=\"225\" height=\"300\" src=\"https:\/\/selvagemciclo.org.br\/wp-content\/uploads\/2025\/12\/hunikuin_Nastasja-225x300.jpg\" class=\"attachment-medium size-medium\" alt=\"\" srcset=\"https:\/\/selvagemciclo.org.br\/wp-content\/uploads\/2025\/12\/hunikuin_Nastasja-225x300.jpg 225w, https:\/\/selvagemciclo.org.br\/wp-content\/uploads\/2025\/12\/hunikuin_Nastasja-9x12.jpg 9w, https:\/\/selvagemciclo.org.br\/wp-content\/uploads\/2025\/12\/hunikuin_Nastasja.jpg 700w\" sizes=\"auto, (max-width: 225px) 100vw, 225px\" \/><\/a>\n\t\t\t<\/dt><\/dl><dl class='gallery-item'>\n\t\t\t<dt class='gallery-icon portrait'>\n\t\t\t\t<a href='https:\/\/selvagemciclo.org.br\/wp-content\/uploads\/2025\/12\/IMG-20251030-WA0121bx.jpg'><img loading=\"lazy\" decoding=\"async\" width=\"225\" height=\"300\" src=\"https:\/\/selvagemciclo.org.br\/wp-content\/uploads\/2025\/12\/IMG-20251030-WA0121bx-225x300.jpg\" class=\"attachment-medium size-medium\" alt=\"\" srcset=\"https:\/\/selvagemciclo.org.br\/wp-content\/uploads\/2025\/12\/IMG-20251030-WA0121bx-225x300.jpg 225w, https:\/\/selvagemciclo.org.br\/wp-content\/uploads\/2025\/12\/IMG-20251030-WA0121bx-9x12.jpg 9w, https:\/\/selvagemciclo.org.br\/wp-content\/uploads\/2025\/12\/IMG-20251030-WA0121bx.jpg 700w\" sizes=\"auto, (max-width: 225px) 100vw, 225px\" \/><\/a>\n\t\t\t<\/dt><\/dl><br style=\"clear: both\" \/>\n\t\t<\/div>","protected":false},"excerpt":{"rendered":"<p>ENCONTRO EM VOLTA DO FOGO Cristine Taku\u00e1 4 de dezembro de 2025 &nbsp; Aprendi com as anci\u00e3s Guarani\u00a0 que o fogo \u00e9 coisa s\u00e9ria e sagrada. A av\u00f3zinha fogo e o av\u00f4zinho fogo sustentam\u00a0 e seguram a Terra firme e aquecida. A terra nos alimenta e nos acolhe.\u00a0 O fogo, com sua for\u00e7a ancestral,\u00a0 nos ilumina e dissipa todo o mal. H\u00e1 muito tempo, eu sonhava vivenciar um encontro com os rezadores Guarani, Maxakali e Huni Kuin. Em 2017 tive um sonho muito profundo que me orientou para organizar esse grande rezo. Quando acordei desse sonho, fiquei refletindo sobre as mensagens e me coloquei a buscar formas de conseguir realizar. Anos se passaram, veio pandemia, depois transforma\u00e7\u00f5es na vida e vi desabrochar as Escolas Vivas. Oito anos ap\u00f3s esse sonho, hoje na coordena\u00e7\u00e3o do projeto Escolas Vivas sob a guian\u00e7a de Anna Dantes, na Associa\u00e7\u00e3o Selvagem, e o coletivo de cada Escola Viva, conseguimos\u00a0 fazer brotar essa possibilidade de interc\u00e2mbio&#8230;.<\/p>","protected":false},"author":2,"featured_media":10032,"comment_status":"closed","ping_status":"closed","sticky":false,"template":"","format":"standard","meta":{"_acf_changed":false,"footnotes":""},"categories":[58],"tags":[],"class_list":["post-10031","post","type-post","status-publish","format-standard","has-post-thumbnail","category-diario-cristine-takua"],"acf":[],"yoast_head":"<!-- This site is optimized with the Yoast SEO plugin v27.1.1 - https:\/\/yoast.com\/product\/yoast-seo-wordpress\/ -->\n<title>ENCONTRO EM VOLTA DO FOGO - Selvagem<\/title>\n<meta name=\"robots\" content=\"index, follow, max-snippet:-1, max-image-preview:large, max-video-preview:-1\" \/>\n<link rel=\"canonical\" href=\"https:\/\/selvagemciclo.org.br\/en\/encontro-em-volta-do-fogo\/\" \/>\n<meta property=\"og:locale\" content=\"en_GB\" \/>\n<meta property=\"og:type\" content=\"article\" \/>\n<meta property=\"og:title\" content=\"ENCONTRO EM VOLTA DO FOGO - Selvagem\" \/>\n<meta property=\"og:description\" content=\"ENCONTRO EM VOLTA DO FOGO Cristine Taku\u00e1 4 de dezembro de 2025 &nbsp; Aprendi com as anci\u00e3s Guarani\u00a0 que o fogo \u00e9 coisa s\u00e9ria e sagrada. A av\u00f3zinha fogo e o av\u00f4zinho fogo sustentam\u00a0 e seguram a Terra firme e aquecida. A terra nos alimenta e nos acolhe.\u00a0 O fogo, com sua for\u00e7a ancestral,\u00a0 nos ilumina e dissipa todo o mal. H\u00e1 muito tempo, eu sonhava vivenciar um encontro com os rezadores Guarani, Maxakali e Huni Kuin. Em 2017 tive um sonho muito profundo que me orientou para organizar esse grande rezo. Quando acordei desse sonho, fiquei refletindo sobre as mensagens e me coloquei a buscar formas de conseguir realizar. Anos se passaram, veio pandemia, depois transforma\u00e7\u00f5es na vida e vi desabrochar as Escolas Vivas. Oito anos ap\u00f3s esse sonho, hoje na coordena\u00e7\u00e3o do projeto Escolas Vivas sob a guian\u00e7a de Anna Dantes, na Associa\u00e7\u00e3o Selvagem, e o coletivo de cada Escola Viva, conseguimos\u00a0 fazer brotar essa possibilidade de interc\u00e2mbio....\" \/>\n<meta property=\"og:url\" content=\"https:\/\/selvagemciclo.org.br\/en\/encontro-em-volta-do-fogo\/\" \/>\n<meta property=\"og:site_name\" content=\"Selvagem\" \/>\n<meta property=\"article:published_time\" content=\"2025-12-04T11:02:11+00:00\" \/>\n<meta property=\"article:modified_time\" content=\"2025-12-09T14:13:02+00:00\" \/>\n<meta property=\"og:image\" content=\"https:\/\/selvagemciclo.org.br\/wp-content\/uploads\/2025\/12\/todos.jpg\" \/>\n\t<meta property=\"og:image:width\" content=\"933\" \/>\n\t<meta property=\"og:image:height\" content=\"700\" \/>\n\t<meta property=\"og:image:type\" content=\"image\/jpeg\" \/>\n<meta name=\"author\" content=\"selvagem\" \/>\n<meta name=\"twitter:card\" content=\"summary_large_image\" \/>\n<meta name=\"twitter:label1\" content=\"Written by\" \/>\n\t<meta name=\"twitter:data1\" content=\"selvagem\" \/>\n\t<meta name=\"twitter:label2\" content=\"Estimated reading time\" \/>\n\t<meta name=\"twitter:data2\" content=\"4 minutes\" \/>\n<script type=\"application\/ld+json\" class=\"yoast-schema-graph\">{\"@context\":\"https:\/\/schema.org\",\"@graph\":[{\"@type\":\"Article\",\"@id\":\"https:\/\/selvagemciclo.org.br\/encontro-em-volta-do-fogo\/#article\",\"isPartOf\":{\"@id\":\"https:\/\/selvagemciclo.org.br\/encontro-em-volta-do-fogo\/\"},\"author\":{\"name\":\"selvagem\",\"@id\":\"https:\/\/selvagemciclo.org.br\/#\/schema\/person\/5186b4c87114fbf24b65701276b72b11\"},\"headline\":\"ENCONTRO EM VOLTA DO FOGO\",\"datePublished\":\"2025-12-04T11:02:11+00:00\",\"dateModified\":\"2025-12-09T14:13:02+00:00\",\"mainEntityOfPage\":{\"@id\":\"https:\/\/selvagemciclo.org.br\/encontro-em-volta-do-fogo\/\"},\"wordCount\":826,\"publisher\":{\"@id\":\"https:\/\/selvagemciclo.org.br\/#organization\"},\"image\":{\"@id\":\"https:\/\/selvagemciclo.org.br\/encontro-em-volta-do-fogo\/#primaryimage\"},\"thumbnailUrl\":\"https:\/\/selvagemciclo.org.br\/wp-content\/uploads\/2025\/12\/todos.jpg\",\"articleSection\":[\"Di\u00e1rio Cristine Taku\u00e1\"],\"inLanguage\":\"en-GB\"},{\"@type\":\"WebPage\",\"@id\":\"https:\/\/selvagemciclo.org.br\/encontro-em-volta-do-fogo\/\",\"url\":\"https:\/\/selvagemciclo.org.br\/encontro-em-volta-do-fogo\/\",\"name\":\"ENCONTRO EM VOLTA DO FOGO - Selvagem\",\"isPartOf\":{\"@id\":\"https:\/\/selvagemciclo.org.br\/#website\"},\"primaryImageOfPage\":{\"@id\":\"https:\/\/selvagemciclo.org.br\/encontro-em-volta-do-fogo\/#primaryimage\"},\"image\":{\"@id\":\"https:\/\/selvagemciclo.org.br\/encontro-em-volta-do-fogo\/#primaryimage\"},\"thumbnailUrl\":\"https:\/\/selvagemciclo.org.br\/wp-content\/uploads\/2025\/12\/todos.jpg\",\"datePublished\":\"2025-12-04T11:02:11+00:00\",\"dateModified\":\"2025-12-09T14:13:02+00:00\",\"breadcrumb\":{\"@id\":\"https:\/\/selvagemciclo.org.br\/encontro-em-volta-do-fogo\/#breadcrumb\"},\"inLanguage\":\"en-GB\",\"potentialAction\":[{\"@type\":\"ReadAction\",\"target\":[\"https:\/\/selvagemciclo.org.br\/encontro-em-volta-do-fogo\/\"]}]},{\"@type\":\"ImageObject\",\"inLanguage\":\"en-GB\",\"@id\":\"https:\/\/selvagemciclo.org.br\/encontro-em-volta-do-fogo\/#primaryimage\",\"url\":\"https:\/\/selvagemciclo.org.br\/wp-content\/uploads\/2025\/12\/todos.jpg\",\"contentUrl\":\"https:\/\/selvagemciclo.org.br\/wp-content\/uploads\/2025\/12\/todos.jpg\",\"width\":933,\"height\":700},{\"@type\":\"BreadcrumbList\",\"@id\":\"https:\/\/selvagemciclo.org.br\/encontro-em-volta-do-fogo\/#breadcrumb\",\"itemListElement\":[{\"@type\":\"ListItem\",\"position\":1,\"name\":\"In\u00edcio\",\"item\":\"https:\/\/selvagemciclo.org.br\/\"},{\"@type\":\"ListItem\",\"position\":2,\"name\":\"ENCONTRO EM VOLTA DO FOGO\"}]},{\"@type\":\"WebSite\",\"@id\":\"https:\/\/selvagemciclo.org.br\/#website\",\"url\":\"https:\/\/selvagemciclo.org.br\/\",\"name\":\"Selvagem\",\"description\":\"Ciclo de estudos sobre a vida\",\"publisher\":{\"@id\":\"https:\/\/selvagemciclo.org.br\/#organization\"},\"potentialAction\":[{\"@type\":\"SearchAction\",\"target\":{\"@type\":\"EntryPoint\",\"urlTemplate\":\"https:\/\/selvagemciclo.org.br\/?s={search_term_string}\"},\"query-input\":{\"@type\":\"PropertyValueSpecification\",\"valueRequired\":true,\"valueName\":\"search_term_string\"}}],\"inLanguage\":\"en-GB\"},{\"@type\":\"Organization\",\"@id\":\"https:\/\/selvagemciclo.org.br\/#organization\",\"name\":\"Selvagem\",\"url\":\"https:\/\/selvagemciclo.org.br\/\",\"logo\":{\"@type\":\"ImageObject\",\"inLanguage\":\"en-GB\",\"@id\":\"https:\/\/selvagemciclo.org.br\/#\/schema\/logo\/image\/\",\"url\":\"https:\/\/selvagemciclo.org.br\/wp-content\/uploads\/2026\/01\/cropped-ICONE_SELVAGEM_2026-1.png\",\"contentUrl\":\"https:\/\/selvagemciclo.org.br\/wp-content\/uploads\/2026\/01\/cropped-ICONE_SELVAGEM_2026-1.png\",\"width\":512,\"height\":512,\"caption\":\"Selvagem\"},\"image\":{\"@id\":\"https:\/\/selvagemciclo.org.br\/#\/schema\/logo\/image\/\"},\"sameAs\":[\"https:\/\/www.instagram.com\/selvagem_ciclodeestudos\/\",\"https:\/\/www.youtube.com\/@selvagemciclo8\"]},{\"@type\":\"Person\",\"@id\":\"https:\/\/selvagemciclo.org.br\/#\/schema\/person\/5186b4c87114fbf24b65701276b72b11\",\"name\":\"selvagem\",\"image\":{\"@type\":\"ImageObject\",\"inLanguage\":\"en-GB\",\"@id\":\"https:\/\/selvagemciclo.org.br\/#\/schema\/person\/image\/\",\"url\":\"https:\/\/secure.gravatar.com\/avatar\/ea7feba38ee72ae7ccbdc3dbd40b8ec0ea84bdc8282d84ee0fbe16d75671522c?s=96&d=mm&r=g\",\"contentUrl\":\"https:\/\/secure.gravatar.com\/avatar\/ea7feba38ee72ae7ccbdc3dbd40b8ec0ea84bdc8282d84ee0fbe16d75671522c?s=96&d=mm&r=g\",\"caption\":\"selvagem\"},\"url\":\"https:\/\/selvagemciclo.org.br\/en\/author\/selvagem\/\"}]}<\/script>\n<!-- \/ Yoast SEO plugin. -->","yoast_head_json":{"title":"ENCONTRO EM VOLTA DO FOGO - Selvagem","robots":{"index":"index","follow":"follow","max-snippet":"max-snippet:-1","max-image-preview":"max-image-preview:large","max-video-preview":"max-video-preview:-1"},"canonical":"https:\/\/selvagemciclo.org.br\/en\/encontro-em-volta-do-fogo\/","og_locale":"en_GB","og_type":"article","og_title":"ENCONTRO EM VOLTA DO FOGO - Selvagem","og_description":"ENCONTRO EM VOLTA DO FOGO Cristine Taku\u00e1 4 de dezembro de 2025 &nbsp; Aprendi com as anci\u00e3s Guarani\u00a0 que o fogo \u00e9 coisa s\u00e9ria e sagrada. A av\u00f3zinha fogo e o av\u00f4zinho fogo sustentam\u00a0 e seguram a Terra firme e aquecida. A terra nos alimenta e nos acolhe.\u00a0 O fogo, com sua for\u00e7a ancestral,\u00a0 nos ilumina e dissipa todo o mal. H\u00e1 muito tempo, eu sonhava vivenciar um encontro com os rezadores Guarani, Maxakali e Huni Kuin. Em 2017 tive um sonho muito profundo que me orientou para organizar esse grande rezo. Quando acordei desse sonho, fiquei refletindo sobre as mensagens e me coloquei a buscar formas de conseguir realizar. Anos se passaram, veio pandemia, depois transforma\u00e7\u00f5es na vida e vi desabrochar as Escolas Vivas. Oito anos ap\u00f3s esse sonho, hoje na coordena\u00e7\u00e3o do projeto Escolas Vivas sob a guian\u00e7a de Anna Dantes, na Associa\u00e7\u00e3o Selvagem, e o coletivo de cada Escola Viva, conseguimos\u00a0 fazer brotar essa possibilidade de interc\u00e2mbio....","og_url":"https:\/\/selvagemciclo.org.br\/en\/encontro-em-volta-do-fogo\/","og_site_name":"Selvagem","article_published_time":"2025-12-04T11:02:11+00:00","article_modified_time":"2025-12-09T14:13:02+00:00","og_image":[{"width":933,"height":700,"url":"https:\/\/selvagemciclo.org.br\/wp-content\/uploads\/2025\/12\/todos.jpg","type":"image\/jpeg"}],"author":"selvagem","twitter_card":"summary_large_image","twitter_misc":{"Written by":"selvagem","Estimated reading time":"4 minutes"},"schema":{"@context":"https:\/\/schema.org","@graph":[{"@type":"Article","@id":"https:\/\/selvagemciclo.org.br\/encontro-em-volta-do-fogo\/#article","isPartOf":{"@id":"https:\/\/selvagemciclo.org.br\/encontro-em-volta-do-fogo\/"},"author":{"name":"selvagem","@id":"https:\/\/selvagemciclo.org.br\/#\/schema\/person\/5186b4c87114fbf24b65701276b72b11"},"headline":"ENCONTRO EM VOLTA DO FOGO","datePublished":"2025-12-04T11:02:11+00:00","dateModified":"2025-12-09T14:13:02+00:00","mainEntityOfPage":{"@id":"https:\/\/selvagemciclo.org.br\/encontro-em-volta-do-fogo\/"},"wordCount":826,"publisher":{"@id":"https:\/\/selvagemciclo.org.br\/#organization"},"image":{"@id":"https:\/\/selvagemciclo.org.br\/encontro-em-volta-do-fogo\/#primaryimage"},"thumbnailUrl":"https:\/\/selvagemciclo.org.br\/wp-content\/uploads\/2025\/12\/todos.jpg","articleSection":["Di\u00e1rio Cristine Taku\u00e1"],"inLanguage":"en-GB"},{"@type":"WebPage","@id":"https:\/\/selvagemciclo.org.br\/encontro-em-volta-do-fogo\/","url":"https:\/\/selvagemciclo.org.br\/encontro-em-volta-do-fogo\/","name":"ENCONTRO EM VOLTA DO FOGO - Selvagem","isPartOf":{"@id":"https:\/\/selvagemciclo.org.br\/#website"},"primaryImageOfPage":{"@id":"https:\/\/selvagemciclo.org.br\/encontro-em-volta-do-fogo\/#primaryimage"},"image":{"@id":"https:\/\/selvagemciclo.org.br\/encontro-em-volta-do-fogo\/#primaryimage"},"thumbnailUrl":"https:\/\/selvagemciclo.org.br\/wp-content\/uploads\/2025\/12\/todos.jpg","datePublished":"2025-12-04T11:02:11+00:00","dateModified":"2025-12-09T14:13:02+00:00","breadcrumb":{"@id":"https:\/\/selvagemciclo.org.br\/encontro-em-volta-do-fogo\/#breadcrumb"},"inLanguage":"en-GB","potentialAction":[{"@type":"ReadAction","target":["https:\/\/selvagemciclo.org.br\/encontro-em-volta-do-fogo\/"]}]},{"@type":"ImageObject","inLanguage":"en-GB","@id":"https:\/\/selvagemciclo.org.br\/encontro-em-volta-do-fogo\/#primaryimage","url":"https:\/\/selvagemciclo.org.br\/wp-content\/uploads\/2025\/12\/todos.jpg","contentUrl":"https:\/\/selvagemciclo.org.br\/wp-content\/uploads\/2025\/12\/todos.jpg","width":933,"height":700},{"@type":"BreadcrumbList","@id":"https:\/\/selvagemciclo.org.br\/encontro-em-volta-do-fogo\/#breadcrumb","itemListElement":[{"@type":"ListItem","position":1,"name":"In\u00edcio","item":"https:\/\/selvagemciclo.org.br\/"},{"@type":"ListItem","position":2,"name":"ENCONTRO EM VOLTA DO FOGO"}]},{"@type":"WebSite","@id":"https:\/\/selvagemciclo.org.br\/#website","url":"https:\/\/selvagemciclo.org.br\/","name":"Selvagem","description":"Ciclo de estudos sobre a vida","publisher":{"@id":"https:\/\/selvagemciclo.org.br\/#organization"},"potentialAction":[{"@type":"SearchAction","target":{"@type":"EntryPoint","urlTemplate":"https:\/\/selvagemciclo.org.br\/?s={search_term_string}"},"query-input":{"@type":"PropertyValueSpecification","valueRequired":true,"valueName":"search_term_string"}}],"inLanguage":"en-GB"},{"@type":"Organization","@id":"https:\/\/selvagemciclo.org.br\/#organization","name":"Selvagem","url":"https:\/\/selvagemciclo.org.br\/","logo":{"@type":"ImageObject","inLanguage":"en-GB","@id":"https:\/\/selvagemciclo.org.br\/#\/schema\/logo\/image\/","url":"https:\/\/selvagemciclo.org.br\/wp-content\/uploads\/2026\/01\/cropped-ICONE_SELVAGEM_2026-1.png","contentUrl":"https:\/\/selvagemciclo.org.br\/wp-content\/uploads\/2026\/01\/cropped-ICONE_SELVAGEM_2026-1.png","width":512,"height":512,"caption":"Selvagem"},"image":{"@id":"https:\/\/selvagemciclo.org.br\/#\/schema\/logo\/image\/"},"sameAs":["https:\/\/www.instagram.com\/selvagem_ciclodeestudos\/","https:\/\/www.youtube.com\/@selvagemciclo8"]},{"@type":"Person","@id":"https:\/\/selvagemciclo.org.br\/#\/schema\/person\/5186b4c87114fbf24b65701276b72b11","name":"selvagem","image":{"@type":"ImageObject","inLanguage":"en-GB","@id":"https:\/\/selvagemciclo.org.br\/#\/schema\/person\/image\/","url":"https:\/\/secure.gravatar.com\/avatar\/ea7feba38ee72ae7ccbdc3dbd40b8ec0ea84bdc8282d84ee0fbe16d75671522c?s=96&d=mm&r=g","contentUrl":"https:\/\/secure.gravatar.com\/avatar\/ea7feba38ee72ae7ccbdc3dbd40b8ec0ea84bdc8282d84ee0fbe16d75671522c?s=96&d=mm&r=g","caption":"selvagem"},"url":"https:\/\/selvagemciclo.org.br\/en\/author\/selvagem\/"}]}},"_links":{"self":[{"href":"https:\/\/selvagemciclo.org.br\/en\/wp-json\/wp\/v2\/posts\/10031","targetHints":{"allow":["GET"]}}],"collection":[{"href":"https:\/\/selvagemciclo.org.br\/en\/wp-json\/wp\/v2\/posts"}],"about":[{"href":"https:\/\/selvagemciclo.org.br\/en\/wp-json\/wp\/v2\/types\/post"}],"author":[{"embeddable":true,"href":"https:\/\/selvagemciclo.org.br\/en\/wp-json\/wp\/v2\/users\/2"}],"replies":[{"embeddable":true,"href":"https:\/\/selvagemciclo.org.br\/en\/wp-json\/wp\/v2\/comments?post=10031"}],"version-history":[{"count":9,"href":"https:\/\/selvagemciclo.org.br\/en\/wp-json\/wp\/v2\/posts\/10031\/revisions"}],"predecessor-version":[{"id":10143,"href":"https:\/\/selvagemciclo.org.br\/en\/wp-json\/wp\/v2\/posts\/10031\/revisions\/10143"}],"wp:featuredmedia":[{"embeddable":true,"href":"https:\/\/selvagemciclo.org.br\/en\/wp-json\/wp\/v2\/media\/10032"}],"wp:attachment":[{"href":"https:\/\/selvagemciclo.org.br\/en\/wp-json\/wp\/v2\/media?parent=10031"}],"wp:term":[{"taxonomy":"category","embeddable":true,"href":"https:\/\/selvagemciclo.org.br\/en\/wp-json\/wp\/v2\/categories?post=10031"},{"taxonomy":"post_tag","embeddable":true,"href":"https:\/\/selvagemciclo.org.br\/en\/wp-json\/wp\/v2\/tags?post=10031"}],"curies":[{"name":"wp","href":"https:\/\/api.w.org\/{rel}","templated":true}]}}