{"id":12819,"global_id":"selvagemciclo.org.br\/en?id=12819","global_id_lineage":["selvagemciclo.org.br\/en?id=12819"],"author":"2","status":"publish","date":"2026-09-01 18:25:26","date_utc":"2026-09-01 21:25:26","modified":"2026-09-01 18:25:31","modified_utc":"2026-09-01 21:25:31","url":"https:\/\/selvagemciclo.org.br\/en\/agenda\/sopro-dos-dragoes-franca-4\/","rest_url":"https:\/\/selvagemciclo.org.br\/en\/wp-json\/tribe\/events\/v1\/events\/12819","title":"Sopro dos drag\u00f5es &#8211; Fran\u00e7a","description":"<p><span style=\"font-weight: 400;\">Entre os dias 9 e 12 de setembro, acontece a s\u00e9rie de encontros \u201cO sopro dos drag\u00f5es: Di\u00e1logos interdisciplinares em torno das pot\u00eancias elementares\u201d, organizada pela Associa\u00e7\u00e3o Selvagem junto com a Universidade Sorbonne, \u00e0 convite da antrop\u00f3loga Nastassja Martin. O evento inclui 3 dias de programa\u00e7\u00e3o no Museu Departamental Albert-Kahn, em Paris, com falas de Cristine Taku\u00e1, Anna Dantes e Carlos Pap\u00e1, e uma noite no cinema com filmes da cole\u00e7\u00e3o KADIST e com as Flechas Selvagem, exibidas em di\u00e1logo com os artistas. O evento \u00e9 presencial e as inscri\u00e7\u00f5es s\u00e3o gratuitas.<\/span><\/p>","excerpt":"","slug":"sopro-dos-dragoes-franca-4","image":{"url":"https:\/\/selvagemciclo.org.br\/wp-content\/uploads\/2026\/08\/SD_LOGO2-e1787863731989.png","id":12741,"extension":"png","width":906,"height":906,"filesize":14230,"sizes":{"medium":{"width":300,"height":300,"mime-type":"image\/png","filesize":13335,"url":"https:\/\/selvagemciclo.org.br\/wp-content\/uploads\/2026\/08\/SD_LOGO2-e1787863731989-300x300.png"},"large":{"width":1024,"height":1024,"mime-type":"image\/png","filesize":42419,"url":"https:\/\/selvagemciclo.org.br\/wp-content\/uploads\/2026\/08\/SD_LOGO2-1024x1024.png"},"thumbnail":{"width":150,"height":150,"mime-type":"image\/png","filesize":6004,"url":"https:\/\/selvagemciclo.org.br\/wp-content\/uploads\/2026\/08\/SD_LOGO2-e1787863731989-150x150.png"},"medium_large":{"width":768,"height":768,"mime-type":"image\/png","filesize":38796,"url":"https:\/\/selvagemciclo.org.br\/wp-content\/uploads\/2026\/08\/SD_LOGO2-e1787863731989-768x768.png"},"trp-custom-language-flag":{"width":12,"height":12,"mime-type":"image\/png","filesize":321,"url":"https:\/\/selvagemciclo.org.br\/wp-content\/uploads\/2026\/08\/SD_LOGO2-e1787863731989-12x12.png"},"portfolio-thumb":{"width":600,"height":403,"mime-type":"image\/png","filesize":26557,"url":"https:\/\/selvagemciclo.org.br\/wp-content\/uploads\/2026\/08\/SD_LOGO2-e1787863731989-600x403.png"},"nectar_small_square":{"width":140,"height":140,"mime-type":"image\/png","filesize":5523,"url":"https:\/\/selvagemciclo.org.br\/wp-content\/uploads\/2026\/08\/SD_LOGO2-e1787863731989-140x140.png"}}},"all_day":false,"start_date":"2026-09-12 19:00:00","start_date_details":{"year":"2026","month":"09","day":"12","hour":"19","minutes":"00","seconds":"00"},"end_date":"2026-09-12 21:00:00","end_date_details":{"year":"2026","month":"09","day":"12","hour":"21","minutes":"00","seconds":"00"},"utc_start_date":"2026-09-12 22:00:00","utc_start_date_details":{"year":"2026","month":"09","day":"12","hour":"22","minutes":"00","seconds":"00"},"utc_end_date":"2026-09-13 00:00:00","utc_end_date_details":{"year":"2026","month":"09","day":"13","hour":"00","minutes":"00","seconds":"00"},"timezone":"America\/Sao_Paulo","timezone_abbr":"-03","cost":"","cost_details":{"currency_symbol":"R$","currency_code":"BRL","currency_position":"prefix","values":[]},"website":"","show_map":false,"show_map_link":true,"hide_from_listings":false,"sticky":true,"featured":true,"categories":[{"name":"Encontros presenciais","slug":"encontros-presenciais","term_group":0,"term_taxonomy_id":8,"taxonomy":"tribe_events_cat","description":"","parent":0,"count":34,"filter":"raw","id":8,"urls":{"self":"https:\/\/selvagemciclo.org.br\/en\/wp-json\/tribe\/events\/v1\/categories\/8","collection":"https:\/\/selvagemciclo.org.br\/en\/wp-json\/tribe\/events\/v1\/categories"}}],"tags":[],"venue":[],"organizer":[],"custom_fields":[],"json_ld":{"@context":"http:\/\/schema.org","@type":"Event","name":"Sopro dos drag\u00f5es &#8211; Fran\u00e7a","description":"&lt;p&gt;Entre os dias 9 e 12 de setembro, acontece a s\u00e9rie de encontros \u201cO sopro dos drag\u00f5es: Di\u00e1logos interdisciplinares em torno das pot\u00eancias elementares\u201d, organizada pela Associa\u00e7\u00e3o Selvagem junto com a Universidade Sorbonne, \u00e0 convite da antrop\u00f3loga Nastassja Martin. O evento inclui 3 dias de programa\u00e7\u00e3o no Museu Departamental Albert-Kahn, em Paris, com falas de Cristine Taku\u00e1, Anna Dantes e Carlos Pap\u00e1, e uma noite no cinema com filmes da cole\u00e7\u00e3o KADIST e com as Flechas Selvagem, exibidas em di\u00e1logo com os artistas. O evento \u00e9 presencial e as inscri\u00e7\u00f5es s\u00e3o gratuitas.&lt;\/p&gt;\\n","image":"https:\/\/selvagemciclo.org.br\/wp-content\/uploads\/2026\/08\/SD_LOGO2-e1787863731989.png","url":"https:\/\/selvagemciclo.org.br\/en\/agenda\/sopro-dos-dragoes-franca-4\/","eventAttendanceMode":"https:\/\/schema.org\/OfflineEventAttendanceMode","eventStatus":"https:\/\/schema.org\/EventScheduled","startDate":"2026-09-12T19:00:00-03:00","endDate":"2026-09-12T21:00:00-03:00","performer":"Organization"}}