{"id":10760,"global_id":"selvagemciclo.org.br\/en?id=10760","global_id_lineage":["selvagemciclo.org.br\/en?id=10760"],"author":"2","status":"publish","date":"2026-03-09 11:06:07","date_utc":"2026-03-09 14:06:07","modified":"2026-04-08 15:35:01","modified_utc":"2026-04-08 18:35:01","url":"https:\/\/selvagemciclo.org.br\/en\/agenda\/lancamento-do-terceiro-video-do-ciclo-aguamae-online\/","rest_url":"https:\/\/selvagemciclo.org.br\/en\/wp-json\/tribe\/events\/v1\/events\/10760","title":"Lan\u00e7amento do terceiro v\u00eddeo do Ciclo das \u00c1guas &#8211; online","description":"<p><strong>Lan\u00e7amento do terceiro v\u00eddeo do <em>Ciclo das \u00c1guas <\/em>no canal Selvagem do YouTube.<\/strong><\/p>\n<p><em><b>A presen\u00e7a \u00edndigena na Ba\u00eda de Guanabara ou <\/b><b>n\u00e3o existe terra estrangeira<\/b><b>\u00a0<\/b><\/em>conta com as participa\u00e7\u00f5es de Aiton Krenak, Carlos Pap\u00e1, Renata Tupinamb\u00e1 e Mateus Aleluia<span style=\"font-weight: 400;\">. O ciclo foi gravado <\/span>durante a travessia \u00c1guam\u00e3e, realizada em outubro de 2025, numa barca pela Ba\u00eda de Guanabara.<\/p>","excerpt":"","slug":"lancamento-do-terceiro-video-do-ciclo-aguamae-online","image":{"url":"https:\/\/selvagemciclo.org.br\/wp-content\/uploads\/2026\/04\/IICONE_CICLO_DAS_AGUAS_400x400px.png","id":11127,"extension":"png","width":400,"height":404,"filesize":35145,"sizes":{"medium":{"width":297,"height":300,"mime-type":"image\/png","filesize":27342,"url":"https:\/\/selvagemciclo.org.br\/wp-content\/uploads\/2026\/04\/IICONE_CICLO_DAS_AGUAS_400x400px-297x300.png"},"thumbnail":{"width":150,"height":150,"mime-type":"image\/png","filesize":10819,"url":"https:\/\/selvagemciclo.org.br\/wp-content\/uploads\/2026\/04\/IICONE_CICLO_DAS_AGUAS_400x400px-150x150.png"},"trp-custom-language-flag":{"width":12,"height":12,"mime-type":"image\/png","filesize":259,"url":"https:\/\/selvagemciclo.org.br\/wp-content\/uploads\/2026\/04\/IICONE_CICLO_DAS_AGUAS_400x400px-12x12.png"},"nectar_small_square":{"width":140,"height":140,"mime-type":"image\/png","filesize":9815,"url":"https:\/\/selvagemciclo.org.br\/wp-content\/uploads\/2026\/04\/IICONE_CICLO_DAS_AGUAS_400x400px-140x140.png"}}},"all_day":false,"start_date":"2026-04-22 18:00:00","start_date_details":{"year":"2026","month":"04","day":"22","hour":"18","minutes":"00","seconds":"00"},"end_date":"2026-04-22 18:00:00","end_date_details":{"year":"2026","month":"04","day":"22","hour":"18","minutes":"00","seconds":"00"},"utc_start_date":"2026-04-22 21:00:00","utc_start_date_details":{"year":"2026","month":"04","day":"22","hour":"21","minutes":"00","seconds":"00"},"utc_end_date":"2026-04-22 21:00:00","utc_end_date_details":{"year":"2026","month":"04","day":"22","hour":"21","minutes":"00","seconds":"00"},"timezone":"America\/Sao_Paulo","timezone_abbr":"-03","cost":"","cost_details":{"currency_symbol":"R$","currency_code":"BRL","currency_position":"prefix","values":[]},"website":"https:\/\/www.youtube.com\/c\/SELVAGEMciclodeestudossobreavida","show_map":false,"show_map_link":true,"hide_from_listings":false,"sticky":true,"featured":true,"categories":[{"name":"Ciclo das \u00c1guas","slug":"ciclo-das-aguas","term_group":0,"term_taxonomy_id":176,"taxonomy":"tribe_events_cat","description":"","parent":0,"count":4,"filter":"raw","id":176,"urls":{"self":"https:\/\/selvagemciclo.org.br\/en\/wp-json\/tribe\/events\/v1\/categories\/176","collection":"https:\/\/selvagemciclo.org.br\/en\/wp-json\/tribe\/events\/v1\/categories"}}],"tags":[],"venue":[],"organizer":[],"custom_fields":[],"json_ld":{"@context":"http:\/\/schema.org","@type":"Event","name":"Lan\u00e7amento do terceiro v\u00eddeo do Ciclo das \u00c1guas &#8211; online","description":"&lt;p&gt;Lan\u00e7amento do terceiro v\u00eddeo do Ciclo das \u00c1guas no canal Selvagem do YouTube. A presen\u00e7a \u00edndigena na Ba\u00eda de Guanabara ou n\u00e3o existe terra estrangeira\u00a0conta com as participa\u00e7\u00f5es de Aiton Krenak, Carlos Pap\u00e1, Renata Tupinamb\u00e1 e Mateus Aleluia. O ciclo foi gravado durante a travessia \u00c1guam\u00e3e, realizada em outubro de 2025, numa barca pela Ba\u00eda de Guanabara.&lt;\/p&gt;\\n","image":"https:\/\/selvagemciclo.org.br\/wp-content\/uploads\/2026\/04\/IICONE_CICLO_DAS_AGUAS_400x400px.png","url":"https:\/\/selvagemciclo.org.br\/en\/agenda\/lancamento-do-terceiro-video-do-ciclo-aguamae-online\/","eventAttendanceMode":"https:\/\/schema.org\/OfflineEventAttendanceMode","eventStatus":"https:\/\/schema.org\/EventScheduled","startDate":"2026-04-22T18:00:00-03:00","endDate":"2026-04-22T18:00:00-03:00","performer":"Organization"}}